{"id":32479,"date":"2009-11-04T19:22:55","date_gmt":"2009-11-04T19:22:55","guid":{"rendered":"http:\/\/www.pcnen.com\/portal\/?p=32479"},"modified":"2009-11-04T19:22:55","modified_gmt":"2009-11-04T19:22:55","slug":"predsjednik-vujanovic-predlozio-novog-ombudsmana","status":"publish","type":"post","link":"https:\/\/www.pcnen.com\/portal\/2009\/11\/04\/predsjednik-vujanovic-predlozio-novog-ombudsmana\/","title":{"rendered":"Predsjednik Vujanovi\u0107 predlo\u017eio novog ombudsmana"},"content":{"rendered":"<p>Ranijem ombudsmanu &Scaron;efku Crnovr&scaron;aninu je nedavno istekao &scaron;estogodi&scaron;nji mandat.<\/p>\n<p>&Scaron;u\u0107ko Bakovi\u0107 je obavljao du\u017enost sudije i predsjednika Op&scaron;tinskog suda za prekr&scaron;aje u Plavu i Osnovnog javnog tu\u017eioca u Plavu. Za zamjenika Vi&scaron;eg tu\u017eioca u Podgorici imenovan je 2005.godine, a od po\u010detka maja 2006. godine nalazi se na du\u017enosti zamjenika Specijalnog tu\u017eioca.<\/p>\n","protected":false},"excerpt":{"rendered":"<p>Predsjednik Crne Gore Filip Vujanovi\u0107 je predlo\u017eio Skup&scaron;tini da se za Za&scaron;titnika ljudskih prava i sloboda izabere &Scaron;u\u0107ko Bakovi\u0107, zamjenik Specijalnog tu\u017eioca za borbu protiv organizovanog kriminala u Vrhovnom dr\u017eavnom tu\u017eila&scaron;tvu Crne Gore.<\/p>\n","protected":false},"author":1,"featured_media":0,"comment_status":"open","ping_status":"closed","sticky":false,"template":"","format":"standard","meta":{"_seopress_robots_primary_cat":"","_seopress_titles_title":"","_seopress_titles_desc":"","_seopress_robots_index":"","_et_pb_use_builder":"","_et_pb_old_content":"","_et_gb_content_width":"","inline_featured_image":false,"footnotes":""},"categories":[14],"tags":[],"class_list":["post-32479","post","type-post","status-publish","format-standard","hentry","category-vijesti"],"_links":{"self":[{"href":"https:\/\/www.pcnen.com\/portal\/wp-json\/wp\/v2\/posts\/32479","targetHints":{"allow":["GET"]}}],"collection":[{"href":"https:\/\/www.pcnen.com\/portal\/wp-json\/wp\/v2\/posts"}],"about":[{"href":"https:\/\/www.pcnen.com\/portal\/wp-json\/wp\/v2\/types\/post"}],"author":[{"embeddable":true,"href":"https:\/\/www.pcnen.com\/portal\/wp-json\/wp\/v2\/users\/1"}],"replies":[{"embeddable":true,"href":"https:\/\/www.pcnen.com\/portal\/wp-json\/wp\/v2\/comments?post=32479"}],"version-history":[{"count":0,"href":"https:\/\/www.pcnen.com\/portal\/wp-json\/wp\/v2\/posts\/32479\/revisions"}],"wp:attachment":[{"href":"https:\/\/www.pcnen.com\/portal\/wp-json\/wp\/v2\/media?parent=32479"}],"wp:term":[{"taxonomy":"category","embeddable":true,"href":"https:\/\/www.pcnen.com\/portal\/wp-json\/wp\/v2\/categories?post=32479"},{"taxonomy":"post_tag","embeddable":true,"href":"https:\/\/www.pcnen.com\/portal\/wp-json\/wp\/v2\/tags?post=32479"}],"curies":[{"name":"wp","href":"https:\/\/api.w.org\/{rel}","templated":true}]}}