{"id":32476,"date":"2009-11-04T13:13:15","date_gmt":"2009-11-04T13:13:15","guid":{"rendered":"http:\/\/www.pcnen.com\/portal\/?p=32476"},"modified":"2009-11-04T13:13:15","modified_gmt":"2009-11-04T13:13:15","slug":"novinar-margetic-privoden-u-zagrebu","status":"publish","type":"post","link":"https:\/\/www.pcnen.com\/portal\/2009\/11\/04\/novinar-margetic-privoden-u-zagrebu\/","title":{"rendered":"Novinar Margeti\u0107 privo\u0111en u Zagrebu"},"content":{"rendered":"<p>Novinar i urednik portala <em><a href=\"http:\/\/www.necenzurirano.com\/index.php?option=com_content&amp;task=view&amp;id=1607&amp;Itemid=1\">Nezenzurirano.com<\/a><\/em> Domagoj Margeti\u0107 priveden je jutros na informativni razgovor u zagreba\u010dku policiju zbog istrage koju je protiv njega pokrenulo hrvatsko Dr\u017eavno tu\u017eila&scaron;tvo na osnovu dvije krivi\u010dne prijave koje je podnio ministar unutra&scaron;njih poslova Hrvatske Tomislav Karamarko, prenosi <a href=\"http:\/\/lat.rtrs.tv\/vijesti\/vijest.php?id=11523\">RTRS<\/a>.<\/p>\n<p>Margeti\u0107 je nakon jednoipo\u010dasovnog ispitivanja u policiji ispri\u010dao za agenciju <em>Srna<\/em> da mu se na teret stavlja objavljivanje podataka o duvanskoj mafiji, o ubicama 611 srpskih civila iz slu\u010daja ratnog zlo\u010dina u Sisku, te o kriminalnom klanu Osmani.<\/p>\n<p>Tereti se i za objavljivanje tajnog dosijea Hipo banke, dokumenata koje je tra\u017eio biv&scaron;i predsjednik Republike Srpske Radovan Karad\u017ei\u0107 za koje hrvatska Vlada tvrdi da ih ne posjeduje, te &scaron;to je objavio podatke o vezama Vlade Hrvatske sa islamisti\u010dkim-teroristi\u010dkim organizacijama.<\/p>\n<p>On ka\u017ee da je jedna krivi\u010dne prijava podnesena po\u010detkom oktobra, a druga krajem oktobra.<\/p>\n","protected":false},"excerpt":{"rendered":"<p>Novinar i urednik portala Nezenzurirano.com Domagoj Margeti\u0107 priveden je jutros na informativni razgovor u zagreba\u010dku policiju zbog istrage koju je protiv njega pokrenulo hrvatsko Dr\u017eavno tu\u017eila&scaron;tvo na osnovu dvije krivi\u010dne prijave koje je podnio ministar unutra&scaron;njih poslova Hrvatske Tomislav Karamarko, prenosi RTRS. Margeti\u0107 je nakon jednoipo\u010dasovnog ispitivanja u policiji ispri\u010dao za agenciju Srna da mu [&hellip;]<\/p>\n","protected":false},"author":1,"featured_media":0,"comment_status":"open","ping_status":"closed","sticky":false,"template":"","format":"standard","meta":{"_seopress_robots_primary_cat":"","_seopress_titles_title":"","_seopress_titles_desc":"","_seopress_robots_index":"","_et_pb_use_builder":"","_et_pb_old_content":"","_et_gb_content_width":"","inline_featured_image":false,"footnotes":""},"categories":[14],"tags":[],"class_list":["post-32476","post","type-post","status-publish","format-standard","hentry","category-vijesti"],"_links":{"self":[{"href":"https:\/\/www.pcnen.com\/portal\/wp-json\/wp\/v2\/posts\/32476","targetHints":{"allow":["GET"]}}],"collection":[{"href":"https:\/\/www.pcnen.com\/portal\/wp-json\/wp\/v2\/posts"}],"about":[{"href":"https:\/\/www.pcnen.com\/portal\/wp-json\/wp\/v2\/types\/post"}],"author":[{"embeddable":true,"href":"https:\/\/www.pcnen.com\/portal\/wp-json\/wp\/v2\/users\/1"}],"replies":[{"embeddable":true,"href":"https:\/\/www.pcnen.com\/portal\/wp-json\/wp\/v2\/comments?post=32476"}],"version-history":[{"count":0,"href":"https:\/\/www.pcnen.com\/portal\/wp-json\/wp\/v2\/posts\/32476\/revisions"}],"wp:attachment":[{"href":"https:\/\/www.pcnen.com\/portal\/wp-json\/wp\/v2\/media?parent=32476"}],"wp:term":[{"taxonomy":"category","embeddable":true,"href":"https:\/\/www.pcnen.com\/portal\/wp-json\/wp\/v2\/categories?post=32476"},{"taxonomy":"post_tag","embeddable":true,"href":"https:\/\/www.pcnen.com\/portal\/wp-json\/wp\/v2\/tags?post=32476"}],"curies":[{"name":"wp","href":"https:\/\/api.w.org\/{rel}","templated":true}]}}