{"id":32475,"date":"2009-11-04T13:04:45","date_gmt":"2009-11-04T13:04:45","guid":{"rendered":"http:\/\/www.pcnen.com\/portal\/?p=32475"},"modified":"2009-11-04T13:04:45","modified_gmt":"2009-11-04T13:04:45","slug":"uhapsen-zamjenik-komandanta-specijalnog-odreda-armije-bih","status":"publish","type":"post","link":"https:\/\/www.pcnen.com\/portal\/2009\/11\/04\/uhapsen-zamjenik-komandanta-specijalnog-odreda-armije-bih\/","title":{"rendered":"Uhap\u0161en zamjenik komandanta specijalnog odreda Armije BiH"},"content":{"rendered":"<p>Biv&scaron;i zamjenik komandanta specijalnog odreda Armije BiH <em>Zulfikar<\/em> Nihad Bojad\u017ei\u0107 uhap&scaron;en je danas u centru Sarajeva, zbog ubistva vi&scaron;e od 20 ljudi u Trusini, u op&scaron;tini Konjic, tokom 1993. godine, saop&scaron;tilo je Tu\u017eila&scaron;tvo BiH, javlja <em>Tanjug<\/em>. <\/p>\n<p>&quot;Tokom napada ubijeno je 19 civila i tri vojnika Hrvatskog vije\u0107a odbrane, mada su se ranije predali, dok je \u010detvoro ranjeno od kojih dvoje djece&quot;, izjavio je potparol Tu\u017eila&scaron;tva BiH Boris Grube&scaron;i\u0107.<\/p>\n","protected":false},"excerpt":{"rendered":"<p>Biv&scaron;i zamjenik komandanta specijalnog odreda Armije BiH Zulfikar Nihad Bojad\u017ei\u0107 uhap&scaron;en je danas u centru Sarajeva, zbog ubistva vi&scaron;e od 20 ljudi u Trusini, u op&scaron;tini Konjic, tokom 1993. godine, saop&scaron;tilo je Tu\u017eila&scaron;tvo BiH, javlja Tanjug. &quot;Tokom napada ubijeno je 19 civila i tri vojnika Hrvatskog vije\u0107a odbrane, mada su se ranije predali, dok je [&hellip;]<\/p>\n","protected":false},"author":1,"featured_media":0,"comment_status":"open","ping_status":"closed","sticky":false,"template":"","format":"standard","meta":{"_seopress_robots_primary_cat":"","_seopress_titles_title":"","_seopress_titles_desc":"","_seopress_robots_index":"","_et_pb_use_builder":"","_et_pb_old_content":"","_et_gb_content_width":"","inline_featured_image":false,"footnotes":""},"categories":[14],"tags":[],"class_list":["post-32475","post","type-post","status-publish","format-standard","hentry","category-vijesti"],"_links":{"self":[{"href":"https:\/\/www.pcnen.com\/portal\/wp-json\/wp\/v2\/posts\/32475","targetHints":{"allow":["GET"]}}],"collection":[{"href":"https:\/\/www.pcnen.com\/portal\/wp-json\/wp\/v2\/posts"}],"about":[{"href":"https:\/\/www.pcnen.com\/portal\/wp-json\/wp\/v2\/types\/post"}],"author":[{"embeddable":true,"href":"https:\/\/www.pcnen.com\/portal\/wp-json\/wp\/v2\/users\/1"}],"replies":[{"embeddable":true,"href":"https:\/\/www.pcnen.com\/portal\/wp-json\/wp\/v2\/comments?post=32475"}],"version-history":[{"count":0,"href":"https:\/\/www.pcnen.com\/portal\/wp-json\/wp\/v2\/posts\/32475\/revisions"}],"wp:attachment":[{"href":"https:\/\/www.pcnen.com\/portal\/wp-json\/wp\/v2\/media?parent=32475"}],"wp:term":[{"taxonomy":"category","embeddable":true,"href":"https:\/\/www.pcnen.com\/portal\/wp-json\/wp\/v2\/categories?post=32475"},{"taxonomy":"post_tag","embeddable":true,"href":"https:\/\/www.pcnen.com\/portal\/wp-json\/wp\/v2\/tags?post=32475"}],"curies":[{"name":"wp","href":"https:\/\/api.w.org\/{rel}","templated":true}]}}