{"id":32471,"date":"2009-11-04T12:04:42","date_gmt":"2009-11-04T12:04:42","guid":{"rendered":"http:\/\/www.pcnen.com\/portal\/?p=32471"},"modified":"2009-11-04T12:04:42","modified_gmt":"2009-11-04T12:04:42","slug":"poginula-dvojica-cetinjskih-mladica","status":"publish","type":"post","link":"https:\/\/www.pcnen.com\/portal\/2009\/11\/04\/poginula-dvojica-cetinjskih-mladica\/","title":{"rendered":"Poginula dvojica cetinjskih mladi\u0107a"},"content":{"rendered":"<p>Iz za sada neutvr\u0111enih razloga, automobil kojim je upravljao Ad\u017ei\u0107 je skrenuo na suprotnu kolovoznu traku udario u stub uli\u010dne rasvjete koji je i&scaron;\u010dupan iz le\u017ei&scaron;ta, javila je televizija <em>Vijesti<\/em>, pozivaju\u0107i se na &Scaron;pira Pavi\u0107evi\u0107a, istra\u017enog sudije kotorskog Osnovnog suda. <\/p>\n","protected":false},"excerpt":{"rendered":"<p>Stevan Ad\u017ei\u0107 (21)i Du&scaron;an D\u017eakovi\u0107 (21), obojica sa Cetinja, poginuli su u saobra\u0107ajnoj nesre\u0107i koja se desila jutros oko \u010detiri sata na izlazu iz tunela <em>Vrmac<\/em> na putu iz Kotora.<\/p>\n","protected":false},"author":1,"featured_media":0,"comment_status":"open","ping_status":"closed","sticky":false,"template":"","format":"standard","meta":{"_seopress_robots_primary_cat":"","_seopress_titles_title":"","_seopress_titles_desc":"","_seopress_robots_index":"","_et_pb_use_builder":"","_et_pb_old_content":"","_et_gb_content_width":"","inline_featured_image":false,"footnotes":""},"categories":[14],"tags":[],"class_list":["post-32471","post","type-post","status-publish","format-standard","hentry","category-vijesti"],"_links":{"self":[{"href":"https:\/\/www.pcnen.com\/portal\/wp-json\/wp\/v2\/posts\/32471","targetHints":{"allow":["GET"]}}],"collection":[{"href":"https:\/\/www.pcnen.com\/portal\/wp-json\/wp\/v2\/posts"}],"about":[{"href":"https:\/\/www.pcnen.com\/portal\/wp-json\/wp\/v2\/types\/post"}],"author":[{"embeddable":true,"href":"https:\/\/www.pcnen.com\/portal\/wp-json\/wp\/v2\/users\/1"}],"replies":[{"embeddable":true,"href":"https:\/\/www.pcnen.com\/portal\/wp-json\/wp\/v2\/comments?post=32471"}],"version-history":[{"count":0,"href":"https:\/\/www.pcnen.com\/portal\/wp-json\/wp\/v2\/posts\/32471\/revisions"}],"wp:attachment":[{"href":"https:\/\/www.pcnen.com\/portal\/wp-json\/wp\/v2\/media?parent=32471"}],"wp:term":[{"taxonomy":"category","embeddable":true,"href":"https:\/\/www.pcnen.com\/portal\/wp-json\/wp\/v2\/categories?post=32471"},{"taxonomy":"post_tag","embeddable":true,"href":"https:\/\/www.pcnen.com\/portal\/wp-json\/wp\/v2\/tags?post=32471"}],"curies":[{"name":"wp","href":"https:\/\/api.w.org\/{rel}","templated":true}]}}