{"id":32470,"date":"2009-11-04T11:59:34","date_gmt":"2009-11-04T11:59:34","guid":{"rendered":"http:\/\/www.pcnen.com\/portal\/?p=32470"},"modified":"2009-11-04T11:59:34","modified_gmt":"2009-11-04T11:59:34","slug":"strazbur-raspeca-ne-mogu-u-ucionice","status":"publish","type":"post","link":"https:\/\/www.pcnen.com\/portal\/2009\/11\/04\/strazbur-raspeca-ne-mogu-u-ucionice\/","title":{"rendered":"Strazbur: Raspe\u0107a ne mogu u u\u010dionice"},"content":{"rendered":"<p>Evropski sud za ljudska prava u Strazburu presudio je u korist Soile Latusi koja je tu\u017eila Italiju zbog raspe\u0107a u u\u010dionicama.<\/p>\n<p>&quot;Izlo\u017eenost vjerskim obilje\u017ejima mo\u017ee biti uznemiruju\u0107a za djecu koja su druge vjeroispovijesti, dio vjerske manjine ili ateisti&quot;, navodi se u obrazlo\u017eenju odluke, prenosi <a href=\"http:\/\/www.index.hr\/vijesti\/clanak\/hrvate-boli-briga-za-raspela-italija-na-nogama-zbog-odluke-suda-iz-strasbourga\/458331.aspx\"><em>Index.hr<\/em>.<\/a> <\/p>\n<p>Latusi je pokrenula tu\u017ebu prije sedam godina u namjeri da se raspe\u0107a uklone iz &scaron;kola. Ona je dobila i od&scaron;tetu od 5.000 eura.<\/p>\n<p>Italijanska vlada je najavila \u017ealbu. <\/p>\n","protected":false},"excerpt":{"rendered":"<p>Evropski sud za ljudska prava u Strazburu presudio je u korist Soile Latusi koja je tu\u017eila Italiju zbog raspe\u0107a u u\u010dionicama. &quot;Izlo\u017eenost vjerskim obilje\u017ejima mo\u017ee biti uznemiruju\u0107a za djecu koja su druge vjeroispovijesti, dio vjerske manjine ili ateisti&quot;, navodi se u obrazlo\u017eenju odluke, prenosi Index.hr. Latusi je pokrenula tu\u017ebu prije sedam godina u namjeri da [&hellip;]<\/p>\n","protected":false},"author":1,"featured_media":0,"comment_status":"open","ping_status":"closed","sticky":false,"template":"","format":"standard","meta":{"_seopress_robots_primary_cat":"","_seopress_titles_title":"","_seopress_titles_desc":"","_seopress_robots_index":"","_et_pb_use_builder":"","_et_pb_old_content":"","_et_gb_content_width":"","inline_featured_image":false,"footnotes":""},"categories":[14],"tags":[],"class_list":["post-32470","post","type-post","status-publish","format-standard","hentry","category-vijesti"],"_links":{"self":[{"href":"https:\/\/www.pcnen.com\/portal\/wp-json\/wp\/v2\/posts\/32470","targetHints":{"allow":["GET"]}}],"collection":[{"href":"https:\/\/www.pcnen.com\/portal\/wp-json\/wp\/v2\/posts"}],"about":[{"href":"https:\/\/www.pcnen.com\/portal\/wp-json\/wp\/v2\/types\/post"}],"author":[{"embeddable":true,"href":"https:\/\/www.pcnen.com\/portal\/wp-json\/wp\/v2\/users\/1"}],"replies":[{"embeddable":true,"href":"https:\/\/www.pcnen.com\/portal\/wp-json\/wp\/v2\/comments?post=32470"}],"version-history":[{"count":0,"href":"https:\/\/www.pcnen.com\/portal\/wp-json\/wp\/v2\/posts\/32470\/revisions"}],"wp:attachment":[{"href":"https:\/\/www.pcnen.com\/portal\/wp-json\/wp\/v2\/media?parent=32470"}],"wp:term":[{"taxonomy":"category","embeddable":true,"href":"https:\/\/www.pcnen.com\/portal\/wp-json\/wp\/v2\/categories?post=32470"},{"taxonomy":"post_tag","embeddable":true,"href":"https:\/\/www.pcnen.com\/portal\/wp-json\/wp\/v2\/tags?post=32470"}],"curies":[{"name":"wp","href":"https:\/\/api.w.org\/{rel}","templated":true}]}}