{"id":32467,"date":"2009-11-04T10:35:52","date_gmt":"2009-11-04T10:35:52","guid":{"rendered":"http:\/\/www.pcnen.com\/portal\/?p=32467"},"modified":"2009-11-04T10:35:52","modified_gmt":"2009-11-04T10:35:52","slug":"%e2%80%98avaz-i-ceric-napadaju-gregorijana-ambasada-sad-negoduje","status":"publish","type":"post","link":"https:\/\/www.pcnen.com\/portal\/2009\/11\/04\/%e2%80%98avaz-i-ceric-napadaju-gregorijana-ambasada-sad-negoduje\/","title":{"rendered":"\u2018Avaz&#8217; i Ceri\u0107 napadaju Gregorijana, ambasada SAD negoduje"},"content":{"rendered":"<p>Ambasada SAD u Sarajevu je izrazila nezadovoljstvo zbog napada na prvog zamjenika visokog predstavnika u BiH Rafija Gregorijana, visokog ameri\u010dkog diplomate u OHR, prenosi <em>Doj\u010de vele.<\/em><\/p>\n<p>Novinska ku\u0107a <em>Avaz<\/em> je optu\u017eila Gregorijana da je naru\u010dilac analize OHR i &scaron;eme na kojoj je politi\u010dki, vjerski i poslovni vrh bo&scaron;nja\u010dkog dru&scaron;tva ozna\u010den kao kriminalna organizacija koja finansira radikalni islam i terorizam. <\/p>\n<p>Reis ul ulema Mustafa efendija Ceri\u0107 je, tako\u0111e, o&scaron;tro prozvao Gregorijana i &scaron;eme OHR uporedio sa nacisti\u010dkim planovima za kona\u010dno rje&scaron;enje jevreskog pitanja.<\/p>\n","protected":false},"excerpt":{"rendered":"<p>Ambasada SAD u Sarajevu je izrazila nezadovoljstvo zbog napada na prvog zamjenika visokog predstavnika u BiH Rafija Gregorijana, visokog ameri\u010dkog diplomate u OHR, prenosi Doj\u010de vele. Novinska ku\u0107a Avaz je optu\u017eila Gregorijana da je naru\u010dilac analize OHR i &scaron;eme na kojoj je politi\u010dki, vjerski i poslovni vrh bo&scaron;nja\u010dkog dru&scaron;tva ozna\u010den kao kriminalna organizacija koja finansira [&hellip;]<\/p>\n","protected":false},"author":1,"featured_media":0,"comment_status":"open","ping_status":"closed","sticky":false,"template":"","format":"standard","meta":{"_seopress_robots_primary_cat":"","_seopress_titles_title":"","_seopress_titles_desc":"","_seopress_robots_index":"","_et_pb_use_builder":"","_et_pb_old_content":"","_et_gb_content_width":"","inline_featured_image":false,"footnotes":""},"categories":[14],"tags":[],"class_list":["post-32467","post","type-post","status-publish","format-standard","hentry","category-vijesti"],"_links":{"self":[{"href":"https:\/\/www.pcnen.com\/portal\/wp-json\/wp\/v2\/posts\/32467","targetHints":{"allow":["GET"]}}],"collection":[{"href":"https:\/\/www.pcnen.com\/portal\/wp-json\/wp\/v2\/posts"}],"about":[{"href":"https:\/\/www.pcnen.com\/portal\/wp-json\/wp\/v2\/types\/post"}],"author":[{"embeddable":true,"href":"https:\/\/www.pcnen.com\/portal\/wp-json\/wp\/v2\/users\/1"}],"replies":[{"embeddable":true,"href":"https:\/\/www.pcnen.com\/portal\/wp-json\/wp\/v2\/comments?post=32467"}],"version-history":[{"count":0,"href":"https:\/\/www.pcnen.com\/portal\/wp-json\/wp\/v2\/posts\/32467\/revisions"}],"wp:attachment":[{"href":"https:\/\/www.pcnen.com\/portal\/wp-json\/wp\/v2\/media?parent=32467"}],"wp:term":[{"taxonomy":"category","embeddable":true,"href":"https:\/\/www.pcnen.com\/portal\/wp-json\/wp\/v2\/categories?post=32467"},{"taxonomy":"post_tag","embeddable":true,"href":"https:\/\/www.pcnen.com\/portal\/wp-json\/wp\/v2\/tags?post=32467"}],"curies":[{"name":"wp","href":"https:\/\/api.w.org\/{rel}","templated":true}]}}