{"id":324638,"date":"2021-07-31T17:15:23","date_gmt":"2021-07-31T15:15:23","guid":{"rendered":"https:\/\/www.pcnen.com\/portal\/?p=324638"},"modified":"2021-07-31T18:00:21","modified_gmt":"2021-07-31T16:00:21","slug":"jocic-smijenjena-sam-jer-sam-pravim-imenom-nazvala-premijera-video","status":"publish","type":"post","link":"https:\/\/www.pcnen.com\/portal\/2021\/07\/31\/jocic-smijenjena-sam-jer-sam-pravim-imenom-nazvala-premijera-video\/","title":{"rendered":"Jo\u010di\u0107: Smijenjena sam jer sam pravim imenom nazvala premijera (video)"},"content":{"rendered":"<p>&#8220;Jasno je da zbog ovog nijesam smijenjena, nego zbog \u010dinjenice da sam pravim imenom nazvala osobu koja je 18 dana nakon izbora sa cvije\u0107em u ruci oti\u0161la kod Draginje Vuksanovi\u0107 tada\u0161nje predsjednice SDP-a, i tamo na najprizemniji na\u010din ogovarao Demokratski front koji ga je stavio na \u010delo svoje liste. O tome nas je obavijestio poslanik SDP-a Ra\u0161ko Konjevi\u0107 koji je i prisustvovao sastanku. Taj podmetnuti kandidat i\u0161ao je i na stan Vrhovnog dr\u017eavnog tu\u017eioca Ivice stankovi\u0107a i njegove supruge Draginje Vukasanovi\u0107 Stankovi\u0107 i tra\u017eio bez srama i stida da budu osu\u0111eni lideri DF-a u la\u017enom su\u0111enju za dr\u017eavni udar koji je organizovao re\u017eim Mila \u0110ukanovi\u0107a. Vjerujemo da \u0107e javnost o ovome izvijestiti neko iz SDP-a. Ovim je izdao crkvu, srpski narod i rukovodstvo DF-a koje je podnijelo li\u010dnu \u017ertvu da bi on bio tu gdje jeste. Njegova izdaja traje od prvog dana pobjede pa do danas, sljede\u0107i politiku DPS i svih protivnika srpskog naroda&#8221;, kazala je Jo\u010di\u0107.<\/p>\n<p>Ona je kazala da bi joj bilo \u201cveoma va\u017eno da se neko iz SPC oglasi povodom svih nepo\u010dinstava Zdravka Krivokapi\u0107a, jer smo na njihov zahtjev ovu osobu doveli na mjesto premijera\u201d.<\/p>\n<p>Jo\u010di\u0107 je ju\u010de <a href=\"https:\/\/www.pcnen.com\/portal\/2021\/07\/31\/marina-jocic-nije-vise-na-celu-jp-nacionalni-parkovi-cg\/\">smijenjena bez obrazlo\u017eenja.<\/a><\/p>\n<p><iframe loading=\"lazy\" style=\"border: none; overflow: hidden;\" src=\"https:\/\/www.facebook.com\/plugins\/video.php?href=https%3A%2F%2Fwww.facebook.com%2FDemokratskiFront%2Fvideos%2F246367070659406%2F&amp;show_text=0&amp;width=560\" width=\"560\" height=\"315\" frameborder=\"0\" scrolling=\"no\" allowfullscreen=\"allowfullscreen\"><\/iframe><\/p>\n","protected":false},"excerpt":{"rendered":"<p>Marina Jo\u010di\u0107, smijenjena predsjednica UO JP Nacionalni parkovi Crne Gore, javnosti je ponudila svoju pri\u010du o razlozima smjene, navode\u0107i da je to u\u010dinjeno zbog njene kritike na ra\u010dun premijera Zdravka Krivokapi\u0107a.<\/p>\n","protected":false},"author":1,"featured_media":0,"comment_status":"open","ping_status":"closed","sticky":false,"template":"","format":"standard","meta":{"_seopress_robots_primary_cat":"","_seopress_titles_title":"","_seopress_titles_desc":"","_seopress_robots_index":"","_et_pb_use_builder":"","_et_pb_old_content":"","_et_gb_content_width":"","inline_featured_image":false,"footnotes":""},"categories":[14],"tags":[],"class_list":["post-324638","post","type-post","status-publish","format-standard","hentry","category-vijesti"],"_links":{"self":[{"href":"https:\/\/www.pcnen.com\/portal\/wp-json\/wp\/v2\/posts\/324638","targetHints":{"allow":["GET"]}}],"collection":[{"href":"https:\/\/www.pcnen.com\/portal\/wp-json\/wp\/v2\/posts"}],"about":[{"href":"https:\/\/www.pcnen.com\/portal\/wp-json\/wp\/v2\/types\/post"}],"author":[{"embeddable":true,"href":"https:\/\/www.pcnen.com\/portal\/wp-json\/wp\/v2\/users\/1"}],"replies":[{"embeddable":true,"href":"https:\/\/www.pcnen.com\/portal\/wp-json\/wp\/v2\/comments?post=324638"}],"version-history":[{"count":2,"href":"https:\/\/www.pcnen.com\/portal\/wp-json\/wp\/v2\/posts\/324638\/revisions"}],"predecessor-version":[{"id":324642,"href":"https:\/\/www.pcnen.com\/portal\/wp-json\/wp\/v2\/posts\/324638\/revisions\/324642"}],"wp:attachment":[{"href":"https:\/\/www.pcnen.com\/portal\/wp-json\/wp\/v2\/media?parent=324638"}],"wp:term":[{"taxonomy":"category","embeddable":true,"href":"https:\/\/www.pcnen.com\/portal\/wp-json\/wp\/v2\/categories?post=324638"},{"taxonomy":"post_tag","embeddable":true,"href":"https:\/\/www.pcnen.com\/portal\/wp-json\/wp\/v2\/tags?post=324638"}],"curies":[{"name":"wp","href":"https:\/\/api.w.org\/{rel}","templated":true}]}}