{"id":324621,"date":"2021-07-31T12:42:21","date_gmt":"2021-07-31T10:42:21","guid":{"rendered":"https:\/\/www.pcnen.com\/portal\/?p=324621"},"modified":"2021-07-31T13:14:44","modified_gmt":"2021-07-31T11:14:44","slug":"marina-jocic-nije-vise-na-celu-jp-nacionalni-parkovi-cg","status":"publish","type":"post","link":"https:\/\/www.pcnen.com\/portal\/2021\/07\/31\/marina-jocic-nije-vise-na-celu-jp-nacionalni-parkovi-cg\/","title":{"rendered":"Marina Jo\u010di\u0107 nije vi\u0161e na \u010delu JP Nacionalni parkovi CG"},"content":{"rendered":"<p>U odluci o razrje\u0161enju, koja je objavljena u Slu\u017ebenom listu, nije naveden razlog razrje\u0161enja.<\/p>\n<p>Ona je ju\u010de u jednom tvitu premijera Zdravka Krivokapi\u0107a nazvala la\u017eovom i izdajnikom.<\/p>\n<p>Borba, portal bez impresuma koji slovi kao nezvani\u010dno glasilo Demokratskog fronta, <a href=\"https:\/\/borba.me\/borba-saznaje-dritan-abazovic-i-jos-neki-ministri-odbili-da-glasaju-za-smjenu-marine-jocic-na-telefonskoj-sjednici-vlade-krivokapicu-okrecu-ledja-i-ljudi-koje-je-birao\/\">je objavio<\/a> da su vicepremijer <span class=\"post-title\">Dritan Abazovi\u0107 i jo\u0161 neki ministri odbili da glasaju za smjenu Jo\u010di\u0107 na telefonskoj sjednici Vlade.<\/span><\/p>\n<p>Jo\u010di\u0107 je na du\u017enosti bila od decembra lanjske godine.<\/p>\n<p>Poslanica Demokratskog fronta bila je u pro\u0161lom sazivu Skup\u0161tine Crne Gore.<\/p>\n<p>&nbsp;<\/p>\n<p>&nbsp;<\/p>\n<p>&nbsp;<\/p>\n","protected":false},"excerpt":{"rendered":"<p>Vlada je ju\u010de razrije\u0161ila du\u017enosti Marinu Jo\u010di\u0107, predsjednicu Upravnog odbora JP Nacionalni parkove Crne Gore, a na tu du\u017enost imenovala Neboj\u0161u Popovi\u0107a.<\/p>\n","protected":false},"author":1,"featured_media":0,"comment_status":"open","ping_status":"closed","sticky":false,"template":"","format":"standard","meta":{"_seopress_robots_primary_cat":"","_seopress_titles_title":"","_seopress_titles_desc":"","_seopress_robots_index":"","_et_pb_use_builder":"","_et_pb_old_content":"","_et_gb_content_width":"","inline_featured_image":false,"footnotes":""},"categories":[14],"tags":[],"class_list":["post-324621","post","type-post","status-publish","format-standard","hentry","category-vijesti"],"_links":{"self":[{"href":"https:\/\/www.pcnen.com\/portal\/wp-json\/wp\/v2\/posts\/324621","targetHints":{"allow":["GET"]}}],"collection":[{"href":"https:\/\/www.pcnen.com\/portal\/wp-json\/wp\/v2\/posts"}],"about":[{"href":"https:\/\/www.pcnen.com\/portal\/wp-json\/wp\/v2\/types\/post"}],"author":[{"embeddable":true,"href":"https:\/\/www.pcnen.com\/portal\/wp-json\/wp\/v2\/users\/1"}],"replies":[{"embeddable":true,"href":"https:\/\/www.pcnen.com\/portal\/wp-json\/wp\/v2\/comments?post=324621"}],"version-history":[{"count":6,"href":"https:\/\/www.pcnen.com\/portal\/wp-json\/wp\/v2\/posts\/324621\/revisions"}],"predecessor-version":[{"id":324632,"href":"https:\/\/www.pcnen.com\/portal\/wp-json\/wp\/v2\/posts\/324621\/revisions\/324632"}],"wp:attachment":[{"href":"https:\/\/www.pcnen.com\/portal\/wp-json\/wp\/v2\/media?parent=324621"}],"wp:term":[{"taxonomy":"category","embeddable":true,"href":"https:\/\/www.pcnen.com\/portal\/wp-json\/wp\/v2\/categories?post=324621"},{"taxonomy":"post_tag","embeddable":true,"href":"https:\/\/www.pcnen.com\/portal\/wp-json\/wp\/v2\/tags?post=324621"}],"curies":[{"name":"wp","href":"https:\/\/api.w.org\/{rel}","templated":true}]}}