{"id":32458,"date":"2009-11-03T17:07:53","date_gmt":"2009-11-03T17:07:53","guid":{"rendered":"http:\/\/www.pcnen.com\/portal\/?p=32458"},"modified":"2009-11-03T17:07:53","modified_gmt":"2009-11-03T17:07:53","slug":"klaus-potpisao-lisabonski-sporazum","status":"publish","type":"post","link":"https:\/\/www.pcnen.com\/portal\/2009\/11\/03\/klaus-potpisao-lisabonski-sporazum\/","title":{"rendered":"Klaus potpisao Lisabonski sporazum"},"content":{"rendered":"<p>\u010ce&scaron;ki predsjednik Vaclav Klaus potpisao je Lisabonski sporazum nakon &scaron;to je Ustavni sud presudio da je sporazum u skladu sa \u010de&scaron;kim Ustavom.<\/p>\n<p>Presudom da Lisabonski sporazum reformom evropskih institucija ne pretvara EU u nekakvu super dr\u017eavu, a \u010ce&scaron;koj ni na koji na\u010din ne ograni\u010dava suverenitet, uklonjena je posljednja prepreku da Vaclav Klaus potpi&scaron;e Lisabonski sporazum, prenosi <em>RSE<\/em>.<\/p>\n<p>\u010ce&scaron;ka je posljednja zemlja u EU koja je dovr&scaron;ila proces ratifikacije sporazuma.<\/p>\n<p>Klaus je \u010dekao presudu Ustavnog suda, nakon &scaron;to je na pro&scaron;lotjednom samitu EU ispunjen njegov dodatni zahtjev da se \u010ce&scaron;ka izuzme iz primjene Povelje osnovnih prava, \u010dime se onemogu\u0107uje Njemcima protjernaim iz Sudeta&nbsp; nakon Drugog svjetskog rata, da&nbsp; zatra\u017ee povrat&nbsp; imovine oduzete po Bene&scaron;ovim dekretima.<\/p>\n","protected":false},"excerpt":{"rendered":"<p>\u010ce&scaron;ki predsjednik Vaclav Klaus potpisao je Lisabonski sporazum nakon &scaron;to je Ustavni sud presudio da je sporazum u skladu sa \u010de&scaron;kim Ustavom. Presudom da Lisabonski sporazum reformom evropskih institucija ne pretvara EU u nekakvu super dr\u017eavu, a \u010ce&scaron;koj ni na koji na\u010din ne ograni\u010dava suverenitet, uklonjena je posljednja prepreku da Vaclav Klaus potpi&scaron;e Lisabonski sporazum, [&hellip;]<\/p>\n","protected":false},"author":1,"featured_media":0,"comment_status":"open","ping_status":"closed","sticky":false,"template":"","format":"standard","meta":{"_seopress_robots_primary_cat":"","_seopress_titles_title":"","_seopress_titles_desc":"","_seopress_robots_index":"","_et_pb_use_builder":"","_et_pb_old_content":"","_et_gb_content_width":"","inline_featured_image":false,"footnotes":""},"categories":[14],"tags":[],"class_list":["post-32458","post","type-post","status-publish","format-standard","hentry","category-vijesti"],"_links":{"self":[{"href":"https:\/\/www.pcnen.com\/portal\/wp-json\/wp\/v2\/posts\/32458","targetHints":{"allow":["GET"]}}],"collection":[{"href":"https:\/\/www.pcnen.com\/portal\/wp-json\/wp\/v2\/posts"}],"about":[{"href":"https:\/\/www.pcnen.com\/portal\/wp-json\/wp\/v2\/types\/post"}],"author":[{"embeddable":true,"href":"https:\/\/www.pcnen.com\/portal\/wp-json\/wp\/v2\/users\/1"}],"replies":[{"embeddable":true,"href":"https:\/\/www.pcnen.com\/portal\/wp-json\/wp\/v2\/comments?post=32458"}],"version-history":[{"count":0,"href":"https:\/\/www.pcnen.com\/portal\/wp-json\/wp\/v2\/posts\/32458\/revisions"}],"wp:attachment":[{"href":"https:\/\/www.pcnen.com\/portal\/wp-json\/wp\/v2\/media?parent=32458"}],"wp:term":[{"taxonomy":"category","embeddable":true,"href":"https:\/\/www.pcnen.com\/portal\/wp-json\/wp\/v2\/categories?post=32458"},{"taxonomy":"post_tag","embeddable":true,"href":"https:\/\/www.pcnen.com\/portal\/wp-json\/wp\/v2\/tags?post=32458"}],"curies":[{"name":"wp","href":"https:\/\/api.w.org\/{rel}","templated":true}]}}