{"id":32448,"date":"2009-11-03T12:19:39","date_gmt":"2009-11-03T12:19:39","guid":{"rendered":"http:\/\/www.pcnen.com\/portal\/?p=32448"},"modified":"2009-11-03T12:19:39","modified_gmt":"2009-11-03T12:19:39","slug":"nacional-o-povratku-sanadera","status":"publish","type":"post","link":"https:\/\/www.pcnen.com\/portal\/2009\/11\/03\/nacional-o-povratku-sanadera\/","title":{"rendered":"&#8216;Nacional&#8217; o povratku Sanadera"},"content":{"rendered":"<p>Biv&scaron;i hrvatski premijer Ivo Sanader mogao bi se uskoro vratiti u politiku i smijeniti Jadranku Kosor sa mjesta predsjednice Vlade i &scaron;efice Hrvatske demokratske zajednice na kojima ga je ona zamijenila, pi&scaron;e danas <em><a href=\"http:\/\/www.nacional.hr\/clanak\/70562\/ivo-sanader-prijeti-premijerki-da-ce-se-vratiti\">Nacional<\/a><\/em>.<\/p>\n<p>Prema informacijama koje je danas objavio zagreba\u010dki list, Sanader je u poslednjih desetak dana obavio razgovore s nekim funkcionerima HDZ-a i najavio skori povratak u politiku, prenosi <em>Beta<\/em>.<\/p>\n<p>Kako navodi <em>Nacional<\/em>, Sanader je svoj povratak najavio da bi se za&scaron;titio od eventualnog krivi\u010dnog gonjenja po&scaron;to su se na meti policijskih istraga na&scaron;li neki istaknuti \u010dlanovi HDZ-a.<\/p>\n<p>Za sada niko ne pominje datum povratka, ali indikativna je Sanaderova poruka upu\u0107ena strana\u010dkim saveznicima koja glasi &quot;Dr\u017eite se, ja \u0107u se vratiti&quot;, pi&scaron;e <em>Nacional<\/em>.<\/p>\n<p>Navodi se da je trenutno tre\u0107ina poslanika i uglednih \u010dlanova HDZ-a na strani Jadranke Kosor, isto toliko ih podr\u017eava Sanadera, a jednak je broj onih koji su neopredeljeni i koji \u010dekaju razvoj situaciju. <\/p>\n","protected":false},"excerpt":{"rendered":"<p>Biv&scaron;i hrvatski premijer Ivo Sanader mogao bi se uskoro vratiti u politiku i smijeniti Jadranku Kosor sa mjesta predsjednice Vlade i &scaron;efice Hrvatske demokratske zajednice na kojima ga je ona zamijenila, pi&scaron;e danas Nacional. Prema informacijama koje je danas objavio zagreba\u010dki list, Sanader je u poslednjih desetak dana obavio razgovore s nekim funkcionerima HDZ-a i [&hellip;]<\/p>\n","protected":false},"author":1,"featured_media":0,"comment_status":"open","ping_status":"closed","sticky":false,"template":"","format":"standard","meta":{"_seopress_robots_primary_cat":"","_seopress_titles_title":"","_seopress_titles_desc":"","_seopress_robots_index":"","_et_pb_use_builder":"","_et_pb_old_content":"","_et_gb_content_width":"","inline_featured_image":false,"footnotes":""},"categories":[14],"tags":[],"class_list":["post-32448","post","type-post","status-publish","format-standard","hentry","category-vijesti"],"_links":{"self":[{"href":"https:\/\/www.pcnen.com\/portal\/wp-json\/wp\/v2\/posts\/32448","targetHints":{"allow":["GET"]}}],"collection":[{"href":"https:\/\/www.pcnen.com\/portal\/wp-json\/wp\/v2\/posts"}],"about":[{"href":"https:\/\/www.pcnen.com\/portal\/wp-json\/wp\/v2\/types\/post"}],"author":[{"embeddable":true,"href":"https:\/\/www.pcnen.com\/portal\/wp-json\/wp\/v2\/users\/1"}],"replies":[{"embeddable":true,"href":"https:\/\/www.pcnen.com\/portal\/wp-json\/wp\/v2\/comments?post=32448"}],"version-history":[{"count":0,"href":"https:\/\/www.pcnen.com\/portal\/wp-json\/wp\/v2\/posts\/32448\/revisions"}],"wp:attachment":[{"href":"https:\/\/www.pcnen.com\/portal\/wp-json\/wp\/v2\/media?parent=32448"}],"wp:term":[{"taxonomy":"category","embeddable":true,"href":"https:\/\/www.pcnen.com\/portal\/wp-json\/wp\/v2\/categories?post=32448"},{"taxonomy":"post_tag","embeddable":true,"href":"https:\/\/www.pcnen.com\/portal\/wp-json\/wp\/v2\/tags?post=32448"}],"curies":[{"name":"wp","href":"https:\/\/api.w.org\/{rel}","templated":true}]}}