{"id":32446,"date":"2009-11-03T11:47:40","date_gmt":"2009-11-03T11:47:40","guid":{"rendered":"http:\/\/www.pcnen.com\/portal\/?p=32446"},"modified":"2009-11-03T11:47:40","modified_gmt":"2009-11-03T11:47:40","slug":"knezevic-svjedocicu-putem-video-linka","status":"publish","type":"post","link":"https:\/\/www.pcnen.com\/portal\/2009\/11\/03\/knezevic-svjedocicu-putem-video-linka\/","title":{"rendered":"Kne\u017eevi\u0107: Svjedo\u010di\u0107u putem video linka"},"content":{"rendered":"<p>Biznismen Ratko Kne\u017eevi\u0107 obavijestio je crnogorsku dr\u017eavnu tu\u017eiteljku Ranku \u010carapi\u0107 da je spreman da joj putem video linka da iskaz povodom njegovih optu\u017ebi da je duvanska mafija odgovorna za ubistvo Iva Pukani\u0107a.<\/p>\n<p>Kne\u017eevi\u0107 je za <em>Vijesti<\/em> rekao da je dr\u017eavnu tu\u017eiteljku pozvao telefonom i obvijestio je da je spreman da pred njom ponovi svoje optu\u017ebe o umije&scaron;anosti premijera Mila \u0110ukanovi\u0107a i odbjeglog srpskog biznismena Stanka Suboti\u0107a Caneta.<\/p>\n<p>On je kazao da je spreman da odgovori na pitanja koja bi dovela do &quot;mra\u010dnog otkrivanja istine o sumornim godinama vladavine duvanskog kartela Crnom Gorom&quot;, prenosi <em>Tanjug<\/em>.<\/p>\n<p>&quot;Razgovor sa gosdpo\u0111om \u010carapi\u0107 mi daje nadu da su njeni i motivi njenih saradnika iz te institucije iskreni i profesionalni&quot;, rekao je Kne\u017eevi\u0107.<\/p>\n<p>\u010carapi\u0107 je izjavila da bi saslu&scaron;anje Kne\u017eevi\u0107a trebalo da bude obavljeno do kraja novembra i da o terminu saslu&scaron;anja odlu\u010duje sud, a ne tu\u017eila&scaron;tvo na \u010dijem je \u010delu.<\/p>\n<p>Crnogorska policija provjerava navode Kne\u017eevi\u0107a da je duvanska mafija umije&scaron;ana u ubistvo Pukani\u0107a i njegovog saranika Nike Frani\u0107a, saop&scaron;tio je ju\u0107\u010de crnogorski ministar policije Ivan Brajovi\u0107.<\/p>\n","protected":false},"excerpt":{"rendered":"<p>Biznismen Ratko Kne\u017eevi\u0107 obavijestio je crnogorsku dr\u017eavnu tu\u017eiteljku Ranku \u010carapi\u0107 da je spreman da joj putem video linka da iskaz povodom njegovih optu\u017ebi da je duvanska mafija odgovorna za ubistvo Iva Pukani\u0107a. Kne\u017eevi\u0107 je za Vijesti rekao da je dr\u017eavnu tu\u017eiteljku pozvao telefonom i obvijestio je da je spreman da pred njom ponovi svoje optu\u017ebe [&hellip;]<\/p>\n","protected":false},"author":1,"featured_media":0,"comment_status":"open","ping_status":"closed","sticky":false,"template":"","format":"standard","meta":{"_seopress_robots_primary_cat":"","_seopress_titles_title":"","_seopress_titles_desc":"","_seopress_robots_index":"","_et_pb_use_builder":"","_et_pb_old_content":"","_et_gb_content_width":"","inline_featured_image":false,"footnotes":""},"categories":[14],"tags":[],"class_list":["post-32446","post","type-post","status-publish","format-standard","hentry","category-vijesti"],"_links":{"self":[{"href":"https:\/\/www.pcnen.com\/portal\/wp-json\/wp\/v2\/posts\/32446","targetHints":{"allow":["GET"]}}],"collection":[{"href":"https:\/\/www.pcnen.com\/portal\/wp-json\/wp\/v2\/posts"}],"about":[{"href":"https:\/\/www.pcnen.com\/portal\/wp-json\/wp\/v2\/types\/post"}],"author":[{"embeddable":true,"href":"https:\/\/www.pcnen.com\/portal\/wp-json\/wp\/v2\/users\/1"}],"replies":[{"embeddable":true,"href":"https:\/\/www.pcnen.com\/portal\/wp-json\/wp\/v2\/comments?post=32446"}],"version-history":[{"count":0,"href":"https:\/\/www.pcnen.com\/portal\/wp-json\/wp\/v2\/posts\/32446\/revisions"}],"wp:attachment":[{"href":"https:\/\/www.pcnen.com\/portal\/wp-json\/wp\/v2\/media?parent=32446"}],"wp:term":[{"taxonomy":"category","embeddable":true,"href":"https:\/\/www.pcnen.com\/portal\/wp-json\/wp\/v2\/categories?post=32446"},{"taxonomy":"post_tag","embeddable":true,"href":"https:\/\/www.pcnen.com\/portal\/wp-json\/wp\/v2\/tags?post=32446"}],"curies":[{"name":"wp","href":"https:\/\/api.w.org\/{rel}","templated":true}]}}