{"id":32445,"date":"2009-11-03T11:12:22","date_gmt":"2009-11-03T11:12:22","guid":{"rendered":"http:\/\/www.pcnen.com\/portal\/?p=32445"},"modified":"2009-11-03T11:12:22","modified_gmt":"2009-11-03T11:12:22","slug":"eu-najodgovornija-za-stanje-u-bih","status":"publish","type":"post","link":"https:\/\/www.pcnen.com\/portal\/2009\/11\/03\/eu-najodgovornija-za-stanje-u-bih\/","title":{"rendered":"EU najodgovornija za stanje u BiH"},"content":{"rendered":"<p>\u010cetvorogodi&scaron;nja politika koju je Evropska unija vodila prema Bosni i Hercegovini najodgovornija je za eskalaciju politi\u010dkih doga\u0111aja u zemlji, tvrdi Bodo Veber, me\u0111unarodni stru\u010dnjak za Balkan. <\/p>\n<p>&quot;Balkan vi&scaron;e nije na top listi svjetskih politi\u010dkih problema. Kada su SAD rje&scaron;avanje krize na Balkanu prepustile EU, Evropljani su izabrali pogre&scaron;an koncept. Taj koncept &#8216;evropske integracije Balkana&#8217;, do sada bar, nije urodio plodom. To nije neka namjerna politika EU, a nije ni namjerno izazivanje krize. Ispostavilo se da ponuda evropske integracije i \u010dlanstvo u EU nije dovoljno u tim specifi\u010dnim okolnostima da rije&scaron;i problem etni\u010dkih konflikata i zaostale demokratske transformacije&quot;, ka\u017ee Veber za <em><a href=\"http:\/\/www.dw-world.de\/dw\/article\/0,,4850362,00.html\">Doj\u010de vele.<\/a><\/em><\/p>\n","protected":false},"excerpt":{"rendered":"<p>\u010cetvorogodi&scaron;nja politika koju je Evropska unija vodila prema Bosni i Hercegovini najodgovornija je za eskalaciju politi\u010dkih doga\u0111aja u zemlji, tvrdi Bodo Veber, me\u0111unarodni stru\u010dnjak za Balkan. &quot;Balkan vi&scaron;e nije na top listi svjetskih politi\u010dkih problema. Kada su SAD rje&scaron;avanje krize na Balkanu prepustile EU, Evropljani su izabrali pogre&scaron;an koncept. Taj koncept &#8216;evropske integracije Balkana&#8217;, do [&hellip;]<\/p>\n","protected":false},"author":1,"featured_media":0,"comment_status":"open","ping_status":"closed","sticky":false,"template":"","format":"standard","meta":{"_seopress_robots_primary_cat":"","_seopress_titles_title":"","_seopress_titles_desc":"","_seopress_robots_index":"","_et_pb_use_builder":"","_et_pb_old_content":"","_et_gb_content_width":"","inline_featured_image":false,"footnotes":""},"categories":[14],"tags":[],"class_list":["post-32445","post","type-post","status-publish","format-standard","hentry","category-vijesti"],"_links":{"self":[{"href":"https:\/\/www.pcnen.com\/portal\/wp-json\/wp\/v2\/posts\/32445","targetHints":{"allow":["GET"]}}],"collection":[{"href":"https:\/\/www.pcnen.com\/portal\/wp-json\/wp\/v2\/posts"}],"about":[{"href":"https:\/\/www.pcnen.com\/portal\/wp-json\/wp\/v2\/types\/post"}],"author":[{"embeddable":true,"href":"https:\/\/www.pcnen.com\/portal\/wp-json\/wp\/v2\/users\/1"}],"replies":[{"embeddable":true,"href":"https:\/\/www.pcnen.com\/portal\/wp-json\/wp\/v2\/comments?post=32445"}],"version-history":[{"count":0,"href":"https:\/\/www.pcnen.com\/portal\/wp-json\/wp\/v2\/posts\/32445\/revisions"}],"wp:attachment":[{"href":"https:\/\/www.pcnen.com\/portal\/wp-json\/wp\/v2\/media?parent=32445"}],"wp:term":[{"taxonomy":"category","embeddable":true,"href":"https:\/\/www.pcnen.com\/portal\/wp-json\/wp\/v2\/categories?post=32445"},{"taxonomy":"post_tag","embeddable":true,"href":"https:\/\/www.pcnen.com\/portal\/wp-json\/wp\/v2\/tags?post=32445"}],"curies":[{"name":"wp","href":"https:\/\/api.w.org\/{rel}","templated":true}]}}