{"id":32443,"date":"2009-11-03T09:46:50","date_gmt":"2009-11-03T09:46:50","guid":{"rendered":"http:\/\/www.pcnen.com\/portal\/?p=32443"},"modified":"2009-11-03T09:46:50","modified_gmt":"2009-11-03T09:46:50","slug":"tadic-odvracao-od-radikalizma-prvake-iz-rs","status":"publish","type":"post","link":"https:\/\/www.pcnen.com\/portal\/2009\/11\/03\/tadic-odvracao-od-radikalizma-prvake-iz-rs\/","title":{"rendered":"Tadi\u0107 odvra\u0107ao od radikalizma prvake iz RS"},"content":{"rendered":"<p>Predsjednik Srbije Boris Tadi\u0107 nije bio nimalo nje\u017ean prema liderima politi\u010dkih stranaka iz Republike Srpske na sastanku odr\u017eanom uo\u010di zavr&scaron;nog dijela (propalih) butmirskih pregovora, pi&scaron;e sarajevski magazin &nbsp;<em>Dani, <\/em>pozivaju\u0107i se na jednog od u\u010desnika tih razgovora kome ne pominje ime.<\/p>\n<p>Tadi\u0107 je savjetovao politi\u010dke prvake iz RS da se okane pri\u010da o referendumima, i u smislu teritorijalnog otcjepljenja, a kada se radi o ulasku u NATO da je i njihov interes da se BiH pridru\u017ei mo\u0107nom vojnom savezu.<\/p>\n<p>On je napomenuo da \u0107e rukovodstvo Srbije pru\u017eiti Srbima u BiH svu podr&scaron;ku na principima Dejtonskog mirovnog sporazuma i da \u0107e po&scaron;tovati sva rje&scaron;enja koja strane u BiH dogovore.<\/p>\n","protected":false},"excerpt":{"rendered":"<p>Predsjednik Srbije Boris Tadi\u0107 nije bio nimalo nje\u017ean prema liderima politi\u010dkih stranaka iz Republike Srpske na sastanku odr\u017eanom uo\u010di zavr&scaron;nog dijela (propalih) butmirskih pregovora, pi&scaron;e sarajevski magazin &nbsp;Dani, pozivaju\u0107i se na jednog od u\u010desnika tih razgovora kome ne pominje ime. Tadi\u0107 je savjetovao politi\u010dke prvake iz RS da se okane pri\u010da o referendumima, i u [&hellip;]<\/p>\n","protected":false},"author":1,"featured_media":0,"comment_status":"open","ping_status":"closed","sticky":false,"template":"","format":"standard","meta":{"_seopress_robots_primary_cat":"","_seopress_titles_title":"","_seopress_titles_desc":"","_seopress_robots_index":"","_et_pb_use_builder":"","_et_pb_old_content":"","_et_gb_content_width":"","inline_featured_image":false,"footnotes":""},"categories":[14],"tags":[],"class_list":["post-32443","post","type-post","status-publish","format-standard","hentry","category-vijesti"],"_links":{"self":[{"href":"https:\/\/www.pcnen.com\/portal\/wp-json\/wp\/v2\/posts\/32443","targetHints":{"allow":["GET"]}}],"collection":[{"href":"https:\/\/www.pcnen.com\/portal\/wp-json\/wp\/v2\/posts"}],"about":[{"href":"https:\/\/www.pcnen.com\/portal\/wp-json\/wp\/v2\/types\/post"}],"author":[{"embeddable":true,"href":"https:\/\/www.pcnen.com\/portal\/wp-json\/wp\/v2\/users\/1"}],"replies":[{"embeddable":true,"href":"https:\/\/www.pcnen.com\/portal\/wp-json\/wp\/v2\/comments?post=32443"}],"version-history":[{"count":0,"href":"https:\/\/www.pcnen.com\/portal\/wp-json\/wp\/v2\/posts\/32443\/revisions"}],"wp:attachment":[{"href":"https:\/\/www.pcnen.com\/portal\/wp-json\/wp\/v2\/media?parent=32443"}],"wp:term":[{"taxonomy":"category","embeddable":true,"href":"https:\/\/www.pcnen.com\/portal\/wp-json\/wp\/v2\/categories?post=32443"},{"taxonomy":"post_tag","embeddable":true,"href":"https:\/\/www.pcnen.com\/portal\/wp-json\/wp\/v2\/tags?post=32443"}],"curies":[{"name":"wp","href":"https:\/\/api.w.org\/{rel}","templated":true}]}}