{"id":32442,"date":"2009-11-03T08:57:56","date_gmt":"2009-11-03T08:57:56","guid":{"rendered":"http:\/\/www.pcnen.com\/portal\/?p=32442"},"modified":"2009-11-03T08:57:56","modified_gmt":"2009-11-03T08:57:56","slug":"zeljezara-protest-ako-ne-bude-plata","status":"publish","type":"post","link":"https:\/\/www.pcnen.com\/portal\/2009\/11\/03\/zeljezara-protest-ako-ne-bude-plata\/","title":{"rendered":"\u017deljezara: Protest ako ne bude plata"},"content":{"rendered":"<p>Ukoliko im ove sedmice ne budu ispla\u0107ene septembarske zarade, radnici nik&scaron;i\u0107ke <em>\u017deljezare<\/em> organizova\u0107e protestna okupljanja u krugu fabrike.<\/p>\n<p>&quot;Ukoliko septembarska plata ne bude ispla\u0107ena tokom ove sedmice, planiramo protestna okupljanja, prvo u krugu fabrike, dok \u0107emo se o daljim vidovima, mjestu i na\u010dinu na&scaron;ih aktivnosti naknadno dogovoriti, rekao je predsjednik Sindikata Janko Vu\u010dini\u0107, prenosi <em><a href=\"http:\/\/www.seebiz.eu\/cg\/kompanije\/infrastruktura\/vucinic-plata-tokom-sedmice-ili-protesti,60107.html\">SEEbiz<\/a><\/em> za agenciju <em>Mina business.<\/em><\/p>\n","protected":false},"excerpt":{"rendered":"<p>Ukoliko im ove sedmice ne budu ispla\u0107ene septembarske zarade, radnici nik&scaron;i\u0107ke \u017deljezare organizova\u0107e protestna okupljanja u krugu fabrike. &quot;Ukoliko septembarska plata ne bude ispla\u0107ena tokom ove sedmice, planiramo protestna okupljanja, prvo u krugu fabrike, dok \u0107emo se o daljim vidovima, mjestu i na\u010dinu na&scaron;ih aktivnosti naknadno dogovoriti, rekao je predsjednik Sindikata Janko Vu\u010dini\u0107, prenosi SEEbiz [&hellip;]<\/p>\n","protected":false},"author":1,"featured_media":0,"comment_status":"open","ping_status":"closed","sticky":false,"template":"","format":"standard","meta":{"_seopress_robots_primary_cat":"","_seopress_titles_title":"","_seopress_titles_desc":"","_seopress_robots_index":"","_et_pb_use_builder":"","_et_pb_old_content":"","_et_gb_content_width":"","inline_featured_image":false,"footnotes":""},"categories":[14],"tags":[],"class_list":["post-32442","post","type-post","status-publish","format-standard","hentry","category-vijesti"],"_links":{"self":[{"href":"https:\/\/www.pcnen.com\/portal\/wp-json\/wp\/v2\/posts\/32442","targetHints":{"allow":["GET"]}}],"collection":[{"href":"https:\/\/www.pcnen.com\/portal\/wp-json\/wp\/v2\/posts"}],"about":[{"href":"https:\/\/www.pcnen.com\/portal\/wp-json\/wp\/v2\/types\/post"}],"author":[{"embeddable":true,"href":"https:\/\/www.pcnen.com\/portal\/wp-json\/wp\/v2\/users\/1"}],"replies":[{"embeddable":true,"href":"https:\/\/www.pcnen.com\/portal\/wp-json\/wp\/v2\/comments?post=32442"}],"version-history":[{"count":0,"href":"https:\/\/www.pcnen.com\/portal\/wp-json\/wp\/v2\/posts\/32442\/revisions"}],"wp:attachment":[{"href":"https:\/\/www.pcnen.com\/portal\/wp-json\/wp\/v2\/media?parent=32442"}],"wp:term":[{"taxonomy":"category","embeddable":true,"href":"https:\/\/www.pcnen.com\/portal\/wp-json\/wp\/v2\/categories?post=32442"},{"taxonomy":"post_tag","embeddable":true,"href":"https:\/\/www.pcnen.com\/portal\/wp-json\/wp\/v2\/tags?post=32442"}],"curies":[{"name":"wp","href":"https:\/\/api.w.org\/{rel}","templated":true}]}}