{"id":32438,"date":"2009-11-02T23:02:33","date_gmt":"2009-11-02T23:02:33","guid":{"rendered":"http:\/\/www.pcnen.com\/portal\/?p=32438"},"modified":"2009-11-02T23:02:33","modified_gmt":"2009-11-02T23:02:33","slug":"veljovic-uhapsen-jak-ogranak-crnogorske-mafije","status":"publish","type":"post","link":"https:\/\/www.pcnen.com\/portal\/2009\/11\/02\/veljovic-uhapsen-jak-ogranak-crnogorske-mafije\/","title":{"rendered":"Veljovi\u0107: Uhap\u0161en jak ogranak crnogorske mafije"},"content":{"rendered":"<p>&quot;U Novom Sadu smo uhapsili jedan izuzetno jak ogranak crnogorske dilerske mafije. Cvijovi\u0107 Radoslav, zvani Cviko. Jedan od ja\u010dih dilera na podru\u010dju Novog Sada. Zatim, Predrag Opa\u010di\u0107, ro\u0111eni brat Nenada Opa\u010di\u0107a, i on je u pritvoru. Aliba&scaron;i\u0107 iz Tutina i mnogo takvih.&quot;, naveo je direktor policije. <\/p>\n<p>Mediji nedjeljama licitiraju o mogu\u0107em hap&scaron;enju bra\u0107e &Scaron;ari\u0107 u \u010dijim kladionicama su ve\u0107 uhap&scaron;eni umije&scaron;ani u &scaron;verc tovara od dvije tone kokaina u Urugvaju. <\/p>\n<p>Odgovaraju\u0107i na tu konstataciju, Veljovi\u0107 je poru\u010dio da policija ne\u0107e stati. <\/p>\n<p>&quot;Ja ovog trenutka ne\u0107u licitirati sa imenima, zna\u010di ja kao direktor policije, koji je najodgovorniji za rad profesionalnog dela policije, ne mogu iza\u0107i sa vestima koje nisu proverene do kraja, sa podacima, ali ube\u0111en sam, i Vi budite ube\u0111eni, da ova dr\u017eava ne\u0107e stati na ovome&quot;, rekao je on. <\/p>\n","protected":false},"excerpt":{"rendered":"<p>U akciji <em>Morava<\/em> uha&scaron;eni su i veliki dileri iz Crne Gore, Vojvodine i Sand\u017eaka, rekao je za B92 direktor srpske policije Milorad Veljovi\u0107. <\/p>\n","protected":false},"author":1,"featured_media":0,"comment_status":"open","ping_status":"closed","sticky":false,"template":"","format":"standard","meta":{"_seopress_robots_primary_cat":"","_seopress_titles_title":"","_seopress_titles_desc":"","_seopress_robots_index":"","_et_pb_use_builder":"","_et_pb_old_content":"","_et_gb_content_width":"","inline_featured_image":false,"footnotes":""},"categories":[14],"tags":[],"class_list":["post-32438","post","type-post","status-publish","format-standard","hentry","category-vijesti"],"_links":{"self":[{"href":"https:\/\/www.pcnen.com\/portal\/wp-json\/wp\/v2\/posts\/32438","targetHints":{"allow":["GET"]}}],"collection":[{"href":"https:\/\/www.pcnen.com\/portal\/wp-json\/wp\/v2\/posts"}],"about":[{"href":"https:\/\/www.pcnen.com\/portal\/wp-json\/wp\/v2\/types\/post"}],"author":[{"embeddable":true,"href":"https:\/\/www.pcnen.com\/portal\/wp-json\/wp\/v2\/users\/1"}],"replies":[{"embeddable":true,"href":"https:\/\/www.pcnen.com\/portal\/wp-json\/wp\/v2\/comments?post=32438"}],"version-history":[{"count":0,"href":"https:\/\/www.pcnen.com\/portal\/wp-json\/wp\/v2\/posts\/32438\/revisions"}],"wp:attachment":[{"href":"https:\/\/www.pcnen.com\/portal\/wp-json\/wp\/v2\/media?parent=32438"}],"wp:term":[{"taxonomy":"category","embeddable":true,"href":"https:\/\/www.pcnen.com\/portal\/wp-json\/wp\/v2\/categories?post=32438"},{"taxonomy":"post_tag","embeddable":true,"href":"https:\/\/www.pcnen.com\/portal\/wp-json\/wp\/v2\/tags?post=32438"}],"curies":[{"name":"wp","href":"https:\/\/api.w.org\/{rel}","templated":true}]}}