{"id":32430,"date":"2009-11-02T17:53:21","date_gmt":"2009-11-02T17:53:21","guid":{"rendered":"http:\/\/www.pcnen.com\/portal\/?p=32430"},"modified":"2009-11-02T17:53:21","modified_gmt":"2009-11-02T17:53:21","slug":"crnogorska-crkva-za-dijalog","status":"publish","type":"post","link":"https:\/\/www.pcnen.com\/portal\/2009\/11\/02\/crnogorska-crkva-za-dijalog\/","title":{"rendered":"Crnogorska crkva za dijalog"},"content":{"rendered":"<p>Crnogorska pravoslavna crkva spremna je da sa drugim vjerskim zajednicama i dr\u017eavnim organima razgovara kako bi crkveno i me\u0111uversko pitanje u Crnoj Gori bilo rije&scaron;eno.<\/p>\n<p>CPC je zajedno sa Dukljanskom akademijom i Fondacijom Sveti Petar Cetinjski organizovala me\u0111unarodni skup &quot;Ljudska prava i ljudske slobode&quot;, sa kog je upu\u0107ena ovakva poruka, prenosi <em>RSE<\/em>. <\/p>\n<p>Na skupu je zaklju\u010deno da svi vjerski \u010dinioci u Crnoj Gori, prevashodno predstavnici Pravoslavne i Katoli\u010dke crkve, Islamske vjerske zajednice treba da iska\u017eu politi\u010dku volju pred dr\u017eavnim organima da se njihova ljudska i vjerska prava i pravo na kulturno nasle\u0111e po&scaron;tuje saglasno ustavnim odredbama i standardima Evropske unije.<\/p>\n","protected":false},"excerpt":{"rendered":"<p>Crnogorska pravoslavna crkva spremna je da sa drugim vjerskim zajednicama i dr\u017eavnim organima razgovara kako bi crkveno i me\u0111uversko pitanje u Crnoj Gori bilo rije&scaron;eno. CPC je zajedno sa Dukljanskom akademijom i Fondacijom Sveti Petar Cetinjski organizovala me\u0111unarodni skup &quot;Ljudska prava i ljudske slobode&quot;, sa kog je upu\u0107ena ovakva poruka, prenosi RSE. Na skupu je [&hellip;]<\/p>\n","protected":false},"author":1,"featured_media":0,"comment_status":"open","ping_status":"closed","sticky":false,"template":"","format":"standard","meta":{"_seopress_robots_primary_cat":"","_seopress_titles_title":"","_seopress_titles_desc":"","_seopress_robots_index":"","_et_pb_use_builder":"","_et_pb_old_content":"","_et_gb_content_width":"","inline_featured_image":false,"footnotes":""},"categories":[14],"tags":[],"class_list":["post-32430","post","type-post","status-publish","format-standard","hentry","category-vijesti"],"_links":{"self":[{"href":"https:\/\/www.pcnen.com\/portal\/wp-json\/wp\/v2\/posts\/32430","targetHints":{"allow":["GET"]}}],"collection":[{"href":"https:\/\/www.pcnen.com\/portal\/wp-json\/wp\/v2\/posts"}],"about":[{"href":"https:\/\/www.pcnen.com\/portal\/wp-json\/wp\/v2\/types\/post"}],"author":[{"embeddable":true,"href":"https:\/\/www.pcnen.com\/portal\/wp-json\/wp\/v2\/users\/1"}],"replies":[{"embeddable":true,"href":"https:\/\/www.pcnen.com\/portal\/wp-json\/wp\/v2\/comments?post=32430"}],"version-history":[{"count":0,"href":"https:\/\/www.pcnen.com\/portal\/wp-json\/wp\/v2\/posts\/32430\/revisions"}],"wp:attachment":[{"href":"https:\/\/www.pcnen.com\/portal\/wp-json\/wp\/v2\/media?parent=32430"}],"wp:term":[{"taxonomy":"category","embeddable":true,"href":"https:\/\/www.pcnen.com\/portal\/wp-json\/wp\/v2\/categories?post=32430"},{"taxonomy":"post_tag","embeddable":true,"href":"https:\/\/www.pcnen.com\/portal\/wp-json\/wp\/v2\/tags?post=32430"}],"curies":[{"name":"wp","href":"https:\/\/api.w.org\/{rel}","templated":true}]}}