{"id":32427,"date":"2009-11-02T15:44:17","date_gmt":"2009-11-02T15:44:17","guid":{"rendered":"http:\/\/www.pcnen.com\/portal\/?p=32427"},"modified":"2009-11-02T15:44:17","modified_gmt":"2009-11-02T15:44:17","slug":"brajovic-crnogorska-policija-provjerava-knezeviceve-navode","status":"publish","type":"post","link":"https:\/\/www.pcnen.com\/portal\/2009\/11\/02\/brajovic-crnogorska-policija-provjerava-knezeviceve-navode\/","title":{"rendered":"Brajovi\u0107: Crnogorska policija provjerava Kne\u017eevi\u0107eve navode"},"content":{"rendered":"<p>Crnogorski ministar unutra&scaron;njih poslova i javne uprave Ivan Brajovi\u0107, koji se nalazi u slu\u017ebenoj posjeti Hrvatskoj, izjavio je da crnogorska policija provjerava navode po kojima je duvanska mafija umije&scaron;ana u ubijstvo vlasnika Nacionala Ive Pukani\u0107a i njegovog saradnika Nike Frani\u0107a.<\/p>\n<p>Brajovi\u0107 je to izjavio poslije sastanka s hrvatskim ministrom unutra&scaron;njih poslova Tomislavom Karamarkom, odgovaraju\u0107i na pitanje je li crnogorska policija istra\u017eivala mogu\u0107nost da je u Pukani\u0107evo ubistvo umije&scaron;ana crnogorska mafija, javlja Nacional u on line izdanju.<\/p>\n<p>On je dodao da su navodi crnogorskog preduzetnika Ratka Kne\u017eevi\u0107a, koji tvrdi u medijima da je za Pukani\u0107evo ubistvo odgovoran duvanski kartel iza kojeg stoji crnogorski premijer Milo \u0110ukanovi\u0107, podstaklo dr\u017eavno tu\u017eila&scaron;tvo da s njime &quot;zatra\u017ei razgovor i ta je procedura u toku&quot;.<\/p>\n<p>Brajovi\u0107 je rekao da bi se suzdr\u017eao od bilo kakvih drugih ocjena o Crnoj Gori kao Al Kaidi, kako ju je Kne\u017eevi\u0107 predstavljao.<\/p>\n<p>&quot;Crnogorska policija i MUP potpuno su otvoreni i spremni za razmjenu svih informacija i nemam nikakvih dilema da \u0107emo odlu\u010dno sara\u0111ivati na tom planu&quot;, rekao je Brajovi\u0107.<\/p>\n","protected":false},"excerpt":{"rendered":"<p>Crnogorski ministar unutra&scaron;njih poslova i javne uprave Ivan Brajovi\u0107, koji se nalazi u slu\u017ebenoj posjeti Hrvatskoj, izjavio je da crnogorska policija provjerava navode po kojima je duvanska mafija umije&scaron;ana u ubijstvo vlasnika Nacionala Ive Pukani\u0107a i njegovog saradnika Nike Frani\u0107a. Brajovi\u0107 je to izjavio poslije sastanka s hrvatskim ministrom unutra&scaron;njih poslova Tomislavom Karamarkom, odgovaraju\u0107i na [&hellip;]<\/p>\n","protected":false},"author":1,"featured_media":0,"comment_status":"open","ping_status":"closed","sticky":false,"template":"","format":"standard","meta":{"_seopress_robots_primary_cat":"","_seopress_titles_title":"","_seopress_titles_desc":"","_seopress_robots_index":"","_et_pb_use_builder":"","_et_pb_old_content":"","_et_gb_content_width":"","inline_featured_image":false,"footnotes":""},"categories":[14],"tags":[],"class_list":["post-32427","post","type-post","status-publish","format-standard","hentry","category-vijesti"],"_links":{"self":[{"href":"https:\/\/www.pcnen.com\/portal\/wp-json\/wp\/v2\/posts\/32427","targetHints":{"allow":["GET"]}}],"collection":[{"href":"https:\/\/www.pcnen.com\/portal\/wp-json\/wp\/v2\/posts"}],"about":[{"href":"https:\/\/www.pcnen.com\/portal\/wp-json\/wp\/v2\/types\/post"}],"author":[{"embeddable":true,"href":"https:\/\/www.pcnen.com\/portal\/wp-json\/wp\/v2\/users\/1"}],"replies":[{"embeddable":true,"href":"https:\/\/www.pcnen.com\/portal\/wp-json\/wp\/v2\/comments?post=32427"}],"version-history":[{"count":0,"href":"https:\/\/www.pcnen.com\/portal\/wp-json\/wp\/v2\/posts\/32427\/revisions"}],"wp:attachment":[{"href":"https:\/\/www.pcnen.com\/portal\/wp-json\/wp\/v2\/media?parent=32427"}],"wp:term":[{"taxonomy":"category","embeddable":true,"href":"https:\/\/www.pcnen.com\/portal\/wp-json\/wp\/v2\/categories?post=32427"},{"taxonomy":"post_tag","embeddable":true,"href":"https:\/\/www.pcnen.com\/portal\/wp-json\/wp\/v2\/tags?post=32427"}],"curies":[{"name":"wp","href":"https:\/\/api.w.org\/{rel}","templated":true}]}}