{"id":32426,"date":"2009-11-02T15:30:27","date_gmt":"2009-11-02T15:30:27","guid":{"rendered":"http:\/\/www.pcnen.com\/portal\/?p=32426"},"modified":"2009-11-02T15:30:27","modified_gmt":"2009-11-02T15:30:27","slug":"crnogorski-policajci-idu-u-interpol-i-seci","status":"publish","type":"post","link":"https:\/\/www.pcnen.com\/portal\/2009\/11\/02\/crnogorski-policajci-idu-u-interpol-i-seci\/","title":{"rendered":"Crnogorski policajci idu u INTERPOL i SECI"},"content":{"rendered":"<p>Crnogorski policijski slu\u017ebenici Bo\u017eidar Popovi\u0107 i Dejan Radusinovi\u0107 bi\u0107e oficiri za vezu u sjedi&scaron;te INTERPOL-a , odnosno Regionalni centar za borbu protiv prekograni\u010dnog kriminala (SECI).<\/p>\n<p>Popovi\u0107 je imenovan na du\u017enost Specijalnog oficira za &scaron;irenje interpolovih servisa za Evropu u sjedi&scaron;tu INTERPOL-a u Lionu, a Radusinovi\u0107 \u0107e obavljati&nbsp; du\u017enost policijskog oficira za vezu u SECI centru u Bukure&scaron;tu, saop&scaron;tila je Uprava policije.<\/p>\n","protected":false},"excerpt":{"rendered":"<p>Crnogorski policijski slu\u017ebenici Bo\u017eidar Popovi\u0107 i Dejan Radusinovi\u0107 bi\u0107e oficiri za vezu u sjedi&scaron;te INTERPOL-a , odnosno Regionalni centar za borbu protiv prekograni\u010dnog kriminala (SECI). Popovi\u0107 je imenovan na du\u017enost Specijalnog oficira za &scaron;irenje interpolovih servisa za Evropu u sjedi&scaron;tu INTERPOL-a u Lionu, a Radusinovi\u0107 \u0107e obavljati&nbsp; du\u017enost policijskog oficira za vezu u SECI centru [&hellip;]<\/p>\n","protected":false},"author":1,"featured_media":0,"comment_status":"open","ping_status":"closed","sticky":false,"template":"","format":"standard","meta":{"_seopress_robots_primary_cat":"","_seopress_titles_title":"","_seopress_titles_desc":"","_seopress_robots_index":"","_et_pb_use_builder":"","_et_pb_old_content":"","_et_gb_content_width":"","inline_featured_image":false,"footnotes":""},"categories":[14],"tags":[],"class_list":["post-32426","post","type-post","status-publish","format-standard","hentry","category-vijesti"],"_links":{"self":[{"href":"https:\/\/www.pcnen.com\/portal\/wp-json\/wp\/v2\/posts\/32426","targetHints":{"allow":["GET"]}}],"collection":[{"href":"https:\/\/www.pcnen.com\/portal\/wp-json\/wp\/v2\/posts"}],"about":[{"href":"https:\/\/www.pcnen.com\/portal\/wp-json\/wp\/v2\/types\/post"}],"author":[{"embeddable":true,"href":"https:\/\/www.pcnen.com\/portal\/wp-json\/wp\/v2\/users\/1"}],"replies":[{"embeddable":true,"href":"https:\/\/www.pcnen.com\/portal\/wp-json\/wp\/v2\/comments?post=32426"}],"version-history":[{"count":0,"href":"https:\/\/www.pcnen.com\/portal\/wp-json\/wp\/v2\/posts\/32426\/revisions"}],"wp:attachment":[{"href":"https:\/\/www.pcnen.com\/portal\/wp-json\/wp\/v2\/media?parent=32426"}],"wp:term":[{"taxonomy":"category","embeddable":true,"href":"https:\/\/www.pcnen.com\/portal\/wp-json\/wp\/v2\/categories?post=32426"},{"taxonomy":"post_tag","embeddable":true,"href":"https:\/\/www.pcnen.com\/portal\/wp-json\/wp\/v2\/tags?post=32426"}],"curies":[{"name":"wp","href":"https:\/\/api.w.org\/{rel}","templated":true}]}}