{"id":32425,"date":"2009-11-02T13:58:45","date_gmt":"2009-11-02T13:58:45","guid":{"rendered":"http:\/\/www.pcnen.com\/portal\/?p=32425"},"modified":"2009-11-02T13:58:45","modified_gmt":"2009-11-02T13:58:45","slug":"karadzic-sjutra-u-sudnici","status":"publish","type":"post","link":"https:\/\/www.pcnen.com\/portal\/2009\/11\/02\/karadzic-sjutra-u-sudnici\/","title":{"rendered":"Karad\u017ei\u0107 sjutra u sudnici"},"content":{"rendered":"<p>Karad\u017ei\u0107, koji je do sada bojkotovao su\u0111enje, izrazio je nadu da \u0107e biti prona\u0111eno rje&scaron;enje za &quot;brzo&quot; i &quot;pravi\u010dno&quot; su\u0111enje. <\/p>\n<p>U danas objavljenom pismu predsjedavaju\u0107em sudiji O Gon Kvonu, Karad\u017ei\u0107 je napisao da \u0107e mu &quot;biti zadovoljstvo&quot; da sjutra prisustvuje statusnoj konferenciji. <\/p>\n<p>&quot;Nadam se da \u0107emo mo\u0107i da prona\u0111emo re&scaron;enje koje \u0107e voditi ka su\u0111enju koje \u0107e biti ne samo brzo, nego i pravi\u010dno. Uveravam vas da i dalje naporno radim na pripremama za moje su\u0111enje i da nestrpljivo o\u010dekujem da odr\u017eim svoju uvodnu re\u010d \u010dim budem u polo\u017eaju da to u\u010dinim&quot;, naveo je Karad\u017ei\u0107 u kratkom pismu sudiji Kvonu. <\/p>\n","protected":false},"excerpt":{"rendered":"<p>Ha&scaron;ki optu\u017eenik Radovan Karad\u017ei\u0107 je potvrdio je da \u0107e sjutra u sudnici u\u010destvovati u raspravi o tome kako nastaviti su\u0111enje, prenosi <em>Radio Slobodna Evropa<\/em>. <\/p>\n","protected":false},"author":1,"featured_media":0,"comment_status":"open","ping_status":"closed","sticky":false,"template":"","format":"standard","meta":{"_seopress_robots_primary_cat":"","_seopress_titles_title":"","_seopress_titles_desc":"","_seopress_robots_index":"","_et_pb_use_builder":"","_et_pb_old_content":"","_et_gb_content_width":"","inline_featured_image":false,"footnotes":""},"categories":[14],"tags":[],"class_list":["post-32425","post","type-post","status-publish","format-standard","hentry","category-vijesti"],"_links":{"self":[{"href":"https:\/\/www.pcnen.com\/portal\/wp-json\/wp\/v2\/posts\/32425","targetHints":{"allow":["GET"]}}],"collection":[{"href":"https:\/\/www.pcnen.com\/portal\/wp-json\/wp\/v2\/posts"}],"about":[{"href":"https:\/\/www.pcnen.com\/portal\/wp-json\/wp\/v2\/types\/post"}],"author":[{"embeddable":true,"href":"https:\/\/www.pcnen.com\/portal\/wp-json\/wp\/v2\/users\/1"}],"replies":[{"embeddable":true,"href":"https:\/\/www.pcnen.com\/portal\/wp-json\/wp\/v2\/comments?post=32425"}],"version-history":[{"count":0,"href":"https:\/\/www.pcnen.com\/portal\/wp-json\/wp\/v2\/posts\/32425\/revisions"}],"wp:attachment":[{"href":"https:\/\/www.pcnen.com\/portal\/wp-json\/wp\/v2\/media?parent=32425"}],"wp:term":[{"taxonomy":"category","embeddable":true,"href":"https:\/\/www.pcnen.com\/portal\/wp-json\/wp\/v2\/categories?post=32425"},{"taxonomy":"post_tag","embeddable":true,"href":"https:\/\/www.pcnen.com\/portal\/wp-json\/wp\/v2\/tags?post=32425"}],"curies":[{"name":"wp","href":"https:\/\/api.w.org\/{rel}","templated":true}]}}