{"id":324237,"date":"2021-07-25T16:02:44","date_gmt":"2021-07-25T14:02:44","guid":{"rendered":"https:\/\/www.pcnen.com\/portal\/?p=324237"},"modified":"2021-07-25T16:32:30","modified_gmt":"2021-07-25T14:32:30","slug":"zasto-ministarka-bratic-nece-i-ne-moze-biti-smijenjena","status":"publish","type":"post","link":"https:\/\/www.pcnen.com\/portal\/2021\/07\/25\/zasto-ministarka-bratic-nece-i-ne-moze-biti-smijenjena\/","title":{"rendered":"Za\u0161to ministarka Brati\u0107 ne\u0107e i ne mo\u017ee biti smijenjena"},"content":{"rendered":"<p>Onog momenta kada je premijer Krivokapi\u0107 izabrao \u201edvanaest apostola\u201c, me\u0111u kojima Vesnu Brati\u0107, spajaju\u0107i \u010detiri resora u jedan, javnost je bila u \u010dudu. Mnogi su se pitali koji se to potencijali i svestranost mo\u017ee nalazati u jednoj osobi da bi mogla biti ministar u objedinjenim resorima prosvjete, kulture, nauke i sporta? Istovremeno je otkriveno da je \u0161iroj javnosti do tada nepoznata ministarka imala javne nastupe i objave na dru\u0161tvenim mre\u017eama nedostojne za bilo kog pristojnog gra\u0111anina\/ku a ne za budu\u0107u ministarku, pune ksenofobije, isklju\u010divosti, mr\u017enje, ostra\u0161\u0107enosti.<\/p>\n<p>Na apel dobrog dijela javnosti da se takvo apostolsko rje\u0161enje promijeni, premijer je ostao gluv, \u0161to je izazvalo odu\u0161evljenje kod ostra\u0161\u0107enih nacionalista, a jo\u0161 jedno u\u00a0 seriji podozrenja prema njemu i njegovim naumima od strane onih koji su bili upla\u0161eni ve\u0107 pokazanim vjerskim fundamentalizmom i kleronacionalizmom premijera i osoba iz bliskog mu okru\u017eenja.<\/p>\n<p>Ministarka Brati\u0107 je, ne snalaze\u0107i se u obra\u0107anjima javnosti, ali ni u resorima kojim rukovodi, poku\u0161ala da bude tiha i neprimjetna. Me\u0111utim, u rijetkim pojavaljivanjima izazivala je kontraverze, a namje\u0161tenja i izbor kadrova su joj bila sli\u010dna vlastitom postavljenju. Uglavnom su to bili kadrovi \u010diji su potezi, biografije i ekscesi izazivali zaprepa\u0161\u0107enje i nevjericu kod onog dijela javnosti koji nije opsjednut Crkvom, nacionalizmom, revizionizmom i veli\u010danjem \u010detni\u010dkog pokreta.<\/p>\n<p>Aktuelnom sje\u010dom prethodnih partijskih kadrova u prosvjeti &#8211; postavljenim od strane biv\u0161e vlasti &#8211; ministarka se opet na\u0161la u fokusu pa\u017enje, nanovo izazivaju\u0107i gnjev i ogor\u010denje svojim potezima. Umjesto jednih partijaca, ministarka je postavila druge, iz miljea koga sam ve\u0107 opisao. Skandalozno imenovanje za direktore u prosvjeti Kikovi\u0107a i Rade Vi\u0161nji\u0107 izazvalo je buru negodovanja, pa i proteste. Ministarka je brzo povukla odluku o imenovanju Rade Vi\u0161nji\u0107, sa nedostojnim obrazlo\u017eenjem, da bi ve\u0107 sjutradan napravila mo\u017eda jo\u0161 ve\u0107i faul. U izvinjenju javnosti i porodici zbog poslatog rje\u0161enja za smjenu preminule direktorice Obrazovnog centra u Plu\u017einama, ministraka je navela kako je o preminuloj direktorki \u010dula sve najbolje, da je bila profesionalna u svom poslu, dobra i plemenita osoba! Za\u0161to je onda takvoj osobi poslala rje\u0161enje o razrje\u0161enju ne bi mogao da objasni niko, pa ni njen javni branitelj, podpredsjednik Vlade Dritan Abazovi\u0107.<\/p>\n<p><img loading=\"lazy\" decoding=\"async\" class=\"aligncenter size-full wp-image-324064\" src=\"https:\/\/www.pcnen.com\/portal\/wp-content\/uploads\/2021\/07\/vesna-bratic-e1626967336983.jpg\" alt=\"\" width=\"640\" height=\"425\" \/><\/p>\n<p>Za\u0161to Abazovi\u0107 brani ministraku Brati\u0107?<\/p>\n<p>Kao \u0161to sva javnost vidi, Demokratski front od njenog konstituisanja poku\u0161ava da sru\u0161i Vladu i premijera koji je bio njihov nosilac izborne liste, \u0161to je jo\u0161 jedan apsurd zabelje\u017een vjerovatno samo na crnogorskoj parapoliti\u010dkoj sceni. Kako vrijeme odmi\u010de, tako se poja\u010dava pritisak Demokratskog fronta u poku\u0161ajima da obori Vladu koja zavisi od njegove podr\u0161ke. Me\u0111utim, DF tra\u017ei pravi povod i opravdanje pred svojim glasa\u010dima za takav potez, a smjena Vesne Brati\u0107 \u2013 poslije smjene ministra pravde Leposovi\u0107a, \u201cjedinih pravih Srba u Vladi\u201c, bio bi taj okida\u010d kojim bi se opravdalo ru\u0161enje Vlade. Zato Abazovi\u0107 brani neodbranjivo &#8211; ministarku Vesnu Brati\u0107, pravdaju\u0107i njene gre\u0161ke sabota\u017eama u timu koji je okru\u017euje.<\/p>\n<p>Pored svih zadu\u017eenja koje kao potpredsjednik Vlade ime, Abazovi\u0107 je o\u010digledno zadu\u017een da brani neodbranjive poteze Krivokapi\u0107evih ministara \u2013 pa i samog Krivokapi\u0107a &#8211; prvenstveno one iz domena njihove ideolo\u0161ke zaslijepljenosti, jer njegove odbrana kao \u010delnik formalno gra\u0111anske partije treba da djeluje uvjerljivije. Time jo\u0161 vi\u0161e uru\u0161ava svoj kredibilitet, bar kod jednog dijela javnosti, a URA kao ljevica postaje desni\u010darski alibi. Iako doktor politologije, Abazovi\u0107 o\u010digledno zaboravlja da su teorija ali i istorijska praksa pokazala da je ljevica, uvijek kada bi bila u koaliciji sa desnicom, bila samo njen alibi, te da bi iz tih koalicija desnica samo ja\u010dala a ljevica slabila ili nestajala.<\/p>\n<p>Uglavnom, politika vladaju\u0107e ve\u0107ine se svela na \u010dekanje i balansiranje do trenutka kada \u0107e Demokratski front procjeniti da je pravo vrijeme da otka\u017ee podr\u0161ku Vladi a zadr\u017ei dobar dio glasa\u010dkog tijela. U tom nadgornjavanju nametnuta nam je preokupiraju\u0107a dilema &#8211; da li je Vlada sastavljena od \u201epravih Srba\u201c ili \u201eSrba izdajnika\u201c. Niko vi\u0161e, pa ni NVO sektor, ne pita \u0161to je sa manjinama, za\u0161to su potpuno zbrisane iz politi\u010dkog \u017eivota i bilo kakvih namje\u0161tenja. Njihov broj je pao na oko tri posto u postavljenjima nove vlasti, proporcionalno oko sedam puta manje nego ih ima u stanovni\u0161tvu, dok nam \u201egra\u0111anske partije\u201c &#8211;\u00a0 a javnost je to prihvatila &#8211; name\u0107u kao krucijalnu dilemu da li \u0107emo stati uz kleronacionalisti\u010dku desnicu \u2013 Krivokapi\u0107a i njegovu Vladu &#8211; ili uz ultra desnicu oli\u010denu u Demokratskom frontu. Uz sve navedeno, urednik najuticajnijeg \u201enezavisnog lista\u201c nam sugeri\u0161e da je povla\u010denje odluke o imenovanju Rade Vi\u0161nji\u0107 pokazatelj demokrati\u010dnosti nove Vlade koja popu\u0161ta pod pritiskom javnosti &#8211; za razliku od prethodne, zaboravljaju\u0107i valjda da je Brati\u0107 jo\u0161 tu \u0111e jeste i da \u0107e ostati ma kakvu glupost napravila i koliki god pritisak javnosti za njenu smjenu bio.<\/p>\n<p>Da zaklju\u010dim. Davno sam napisao da \u0107e Krivokapi\u0107u ekstremi koje je sam doveo i birao do\u0107i glave, \u0161to se smjenama Leposavi\u0107a, Trifunovi\u0107a, te \u010dinjenjima i ne\u010dinjenjima ministarke Brati\u0107 upravo doga\u0111a i potvr\u0111uje, dok DF te smjene \u010deka kao zapeta pu\u0161ka.<\/p>\n","protected":false},"excerpt":{"rendered":"<p>Pi\u0161e: Omer \u0160ARKI\u0106<\/p>\n","protected":false},"author":12,"featured_media":286086,"comment_status":"open","ping_status":"closed","sticky":false,"template":"","format":"standard","meta":{"_seopress_robots_primary_cat":"","_seopress_titles_title":"","_seopress_titles_desc":"","_seopress_robots_index":"","_et_pb_use_builder":"","_et_pb_old_content":"","_et_gb_content_width":"","inline_featured_image":false,"footnotes":""},"categories":[17],"tags":[],"class_list":["post-324237","post","type-post","status-publish","format-standard","has-post-thumbnail","hentry","category-blogovi"],"_links":{"self":[{"href":"https:\/\/www.pcnen.com\/portal\/wp-json\/wp\/v2\/posts\/324237","targetHints":{"allow":["GET"]}}],"collection":[{"href":"https:\/\/www.pcnen.com\/portal\/wp-json\/wp\/v2\/posts"}],"about":[{"href":"https:\/\/www.pcnen.com\/portal\/wp-json\/wp\/v2\/types\/post"}],"author":[{"embeddable":true,"href":"https:\/\/www.pcnen.com\/portal\/wp-json\/wp\/v2\/users\/12"}],"replies":[{"embeddable":true,"href":"https:\/\/www.pcnen.com\/portal\/wp-json\/wp\/v2\/comments?post=324237"}],"version-history":[{"count":8,"href":"https:\/\/www.pcnen.com\/portal\/wp-json\/wp\/v2\/posts\/324237\/revisions"}],"predecessor-version":[{"id":324261,"href":"https:\/\/www.pcnen.com\/portal\/wp-json\/wp\/v2\/posts\/324237\/revisions\/324261"}],"wp:featuredmedia":[{"embeddable":true,"href":"https:\/\/www.pcnen.com\/portal\/wp-json\/wp\/v2\/media\/286086"}],"wp:attachment":[{"href":"https:\/\/www.pcnen.com\/portal\/wp-json\/wp\/v2\/media?parent=324237"}],"wp:term":[{"taxonomy":"category","embeddable":true,"href":"https:\/\/www.pcnen.com\/portal\/wp-json\/wp\/v2\/categories?post=324237"},{"taxonomy":"post_tag","embeddable":true,"href":"https:\/\/www.pcnen.com\/portal\/wp-json\/wp\/v2\/tags?post=324237"}],"curies":[{"name":"wp","href":"https:\/\/api.w.org\/{rel}","templated":true}]}}