{"id":32423,"date":"2009-11-02T12:31:25","date_gmt":"2009-11-02T12:31:25","guid":{"rendered":"http:\/\/www.pcnen.com\/portal\/?p=32423"},"modified":"2009-11-02T12:31:25","modified_gmt":"2009-11-02T12:31:25","slug":"nova-optuznica-protiv-vulevica-i-ajkovica","status":"publish","type":"post","link":"https:\/\/www.pcnen.com\/portal\/2009\/11\/02\/nova-optuznica-protiv-vulevica-i-ajkovica\/","title":{"rendered":"Nova optu\u017enica protiv Vulevi\u0107a i Ajkovi\u0107a"},"content":{"rendered":"<p>Vrhovno tu\u017eila&scaron;tvo je podiglo novu optu\u017enicu protiv Beranca Vuka Vulevi\u0107a zbog ubistva Bosanca Bajice Kadri\u0107a u Cirihu aprila 1999. godine, javila je TV <em>Vijesti<\/em>.<\/p>\n<p>Informaciju je za TV potvrdio i predsjednik Vi&scaron;eg suda Mu&scaron;ika Dujovi\u0107.<\/p>\n<p>Istom optu\u017enicom obuhva\u0107en je i Podgori\u010danin Zlatko Ajkovi\u0107 (37) koji je u bjekstvu.<\/p>\n<p>Vulevi\u0107u i Ajkovi\u0107u se, pored ubistva Kadri\u0107a, stavlja na teret i da su istom prilikom poku&scaron;ali da ubiju vi&scaron;e osoba.<\/p>\n","protected":false},"excerpt":{"rendered":"<p>Vrhovno tu\u017eila&scaron;tvo je podiglo novu optu\u017enicu protiv Beranca Vuka Vulevi\u0107a zbog ubistva Bosanca Bajice Kadri\u0107a u Cirihu aprila 1999. godine, javila je TV Vijesti. Informaciju je za TV potvrdio i predsjednik Vi&scaron;eg suda Mu&scaron;ika Dujovi\u0107. Istom optu\u017enicom obuhva\u0107en je i Podgori\u010danin Zlatko Ajkovi\u0107 (37) koji je u bjekstvu. Vulevi\u0107u i Ajkovi\u0107u se, pored ubistva Kadri\u0107a, [&hellip;]<\/p>\n","protected":false},"author":1,"featured_media":0,"comment_status":"open","ping_status":"closed","sticky":false,"template":"","format":"standard","meta":{"_seopress_robots_primary_cat":"","_seopress_titles_title":"","_seopress_titles_desc":"","_seopress_robots_index":"","_et_pb_use_builder":"","_et_pb_old_content":"","_et_gb_content_width":"","inline_featured_image":false,"footnotes":""},"categories":[14],"tags":[],"class_list":["post-32423","post","type-post","status-publish","format-standard","hentry","category-vijesti"],"_links":{"self":[{"href":"https:\/\/www.pcnen.com\/portal\/wp-json\/wp\/v2\/posts\/32423","targetHints":{"allow":["GET"]}}],"collection":[{"href":"https:\/\/www.pcnen.com\/portal\/wp-json\/wp\/v2\/posts"}],"about":[{"href":"https:\/\/www.pcnen.com\/portal\/wp-json\/wp\/v2\/types\/post"}],"author":[{"embeddable":true,"href":"https:\/\/www.pcnen.com\/portal\/wp-json\/wp\/v2\/users\/1"}],"replies":[{"embeddable":true,"href":"https:\/\/www.pcnen.com\/portal\/wp-json\/wp\/v2\/comments?post=32423"}],"version-history":[{"count":0,"href":"https:\/\/www.pcnen.com\/portal\/wp-json\/wp\/v2\/posts\/32423\/revisions"}],"wp:attachment":[{"href":"https:\/\/www.pcnen.com\/portal\/wp-json\/wp\/v2\/media?parent=32423"}],"wp:term":[{"taxonomy":"category","embeddable":true,"href":"https:\/\/www.pcnen.com\/portal\/wp-json\/wp\/v2\/categories?post=32423"},{"taxonomy":"post_tag","embeddable":true,"href":"https:\/\/www.pcnen.com\/portal\/wp-json\/wp\/v2\/tags?post=32423"}],"curies":[{"name":"wp","href":"https:\/\/api.w.org\/{rel}","templated":true}]}}