{"id":32421,"date":"2009-11-02T11:54:59","date_gmt":"2009-11-02T11:54:59","guid":{"rendered":"http:\/\/www.pcnen.com\/portal\/?p=32421"},"modified":"2009-11-02T11:54:59","modified_gmt":"2009-11-02T11:54:59","slug":"zbog-prijetnji-otkazan-koncert-dina-merlina-u-ljubuskom","status":"publish","type":"post","link":"https:\/\/www.pcnen.com\/portal\/2009\/11\/02\/zbog-prijetnji-otkazan-koncert-dina-merlina-u-ljubuskom\/","title":{"rendered":"Zbog prijetnji otkazan koncert Dina Merlina u Ljubu\u0161kom"},"content":{"rendered":"<p>Koncert Dina Merlina koji je 14. novembra trebalo da se odr\u017ei u Ljubu&scaron;kom u Hercegovini otkazan je po&scaron;to je poznati pjeva\u010d iz BiH dobio prijetnje smr\u0107u od jedne navija\u010dke grupe, prenosi <em>RTS<\/em>. <\/p>\n<p>Skauti, navija\u010di fudbalskog kluba Ljubu&scaron;ki prethodno su od hrvatske policije zatra\u017eili da zabrani najavljeni koncert kao odgovor na zabranu sarajevskog koncerta Marka Perkovi\u0107a Tompsona uz obrazlo\u017eenje da bi nastup &quot;bo&scaron;nja\u010dkog nacionaliste bio uvreda za Ljubu&scaron;ki&quot;.<\/p>\n","protected":false},"excerpt":{"rendered":"<p>Koncert Dina Merlina koji je 14. novembra trebalo da se odr\u017ei u Ljubu&scaron;kom u Hercegovini otkazan je po&scaron;to je poznati pjeva\u010d iz BiH dobio prijetnje smr\u0107u od jedne navija\u010dke grupe, prenosi RTS. Skauti, navija\u010di fudbalskog kluba Ljubu&scaron;ki prethodno su od hrvatske policije zatra\u017eili da zabrani najavljeni koncert kao odgovor na zabranu sarajevskog koncerta Marka Perkovi\u0107a [&hellip;]<\/p>\n","protected":false},"author":1,"featured_media":0,"comment_status":"open","ping_status":"closed","sticky":false,"template":"","format":"standard","meta":{"_seopress_robots_primary_cat":"","_seopress_titles_title":"","_seopress_titles_desc":"","_seopress_robots_index":"","_et_pb_use_builder":"","_et_pb_old_content":"","_et_gb_content_width":"","inline_featured_image":false,"footnotes":""},"categories":[14],"tags":[],"class_list":["post-32421","post","type-post","status-publish","format-standard","hentry","category-vijesti"],"_links":{"self":[{"href":"https:\/\/www.pcnen.com\/portal\/wp-json\/wp\/v2\/posts\/32421","targetHints":{"allow":["GET"]}}],"collection":[{"href":"https:\/\/www.pcnen.com\/portal\/wp-json\/wp\/v2\/posts"}],"about":[{"href":"https:\/\/www.pcnen.com\/portal\/wp-json\/wp\/v2\/types\/post"}],"author":[{"embeddable":true,"href":"https:\/\/www.pcnen.com\/portal\/wp-json\/wp\/v2\/users\/1"}],"replies":[{"embeddable":true,"href":"https:\/\/www.pcnen.com\/portal\/wp-json\/wp\/v2\/comments?post=32421"}],"version-history":[{"count":0,"href":"https:\/\/www.pcnen.com\/portal\/wp-json\/wp\/v2\/posts\/32421\/revisions"}],"wp:attachment":[{"href":"https:\/\/www.pcnen.com\/portal\/wp-json\/wp\/v2\/media?parent=32421"}],"wp:term":[{"taxonomy":"category","embeddable":true,"href":"https:\/\/www.pcnen.com\/portal\/wp-json\/wp\/v2\/categories?post=32421"},{"taxonomy":"post_tag","embeddable":true,"href":"https:\/\/www.pcnen.com\/portal\/wp-json\/wp\/v2\/tags?post=32421"}],"curies":[{"name":"wp","href":"https:\/\/api.w.org\/{rel}","templated":true}]}}