{"id":32420,"date":"2009-11-02T11:50:09","date_gmt":"2009-11-02T11:50:09","guid":{"rendered":"http:\/\/www.pcnen.com\/portal\/?p=32420"},"modified":"2009-11-02T11:50:09","modified_gmt":"2009-11-02T11:50:09","slug":"ohr-ova-sema-i-za-hrvatske-politicke-zvanicnike","status":"publish","type":"post","link":"https:\/\/www.pcnen.com\/portal\/2009\/11\/02\/ohr-ova-sema-i-za-hrvatske-politicke-zvanicnike\/","title":{"rendered":"OHR-ova \u0161ema i za hrvatske politi\u010dke zvani\u010dnike"},"content":{"rendered":"<p>&Scaron;ema u kojoj je tim OHR-a u\u017ee bo&scaron;nja\u010dko politi\u010dko vo\u0111stvo, vjerske vo\u0111e i vode\u0107e privrednike ozna\u010dio kao dio politi\u010dko-kriminalne mre\u017ee u Federaciji BiH, postoji i za vode\u0107e hrvatske politi\u010dke zvani\u010dnike, pi&scaron;e dana&scaron;nji <em>Ve\u010dernji list<\/em>, izdanje za BiH.<\/p>\n<p>Neimenovani sagovornik zagreba\u010dkog dnevnika rekao je da se u slu\u010daju Hrvata oti&scaron;lo korak dalje, prenosi Srna.<\/p>\n<p>&quot;Mjesecima istra\u017eioci rade na tome da se oko jednog navodnog politi\u010dko-privrednog klana objedine svi grijesi pa da se cijela grupa ozna\u010di kao zlo\u010dina\u010dka kriminalna organizacija i zada vrlo ozbiljan udarac na hrvatskoj politi\u010dkoj sceni&quot;, navodi list, tvrde\u0107i da je u slu\u010daju Hrvata ve\u0107 krenula operacionalizacija.<\/p>\n<p>U hrvatskom slu\u010daju anga\u017eovana su i za&scaron;ti\u0107ena lica, koja su trebalo da budu insajderi te dobiju navodni &quot;korpus delikti&quot; kako bi se potvrdili slu\u010dajevi korupcije na najvi&scaron;em nivou i podmi\u0107ivanja, nakon \u010dega bi uslijedila hap&scaron;enja. <\/p>\n<p>Ovaj metod je propao, pa se krenulo na detaljno \u010de&scaron;ljanje dokumentacije u vezi sa nekoliko otvorenih istraga, tvrdi list.<\/p>\n<p>Dnevnik navodi da je, dijelom uz odobrenje dr\u017eavnih institucija, a puno vi&scaron;e sporednim kriminalnim kanalima, nalo\u017een stalni nadzor susreta, telefonskih poziva i kretanja lica koja treba da postanu politi\u010dkih meta.<\/p>\n<p>&quot;Upravo zbog ovih metoda, a naro\u010dito zbog poku&scaron;aja kriminalizovanja bo&scaron;nja\u010dkih zvani\u010dnika, do&scaron;lo je do velikog raskola izme\u0111u visokog predstavnika Valentina Incka i njegovog zamjenika Rafija Gregorijana&quot;, tvrdi hrvatski dnevnik navode\u0107i da su se do sada sve istrage instruisane iz OHR-a vodile protiv vode\u0107ih srpskih i hrvatskih politi\u010dara i privrednika.<\/p>\n<p>List zaklju\u010duje da se &quot;upravo zbog toga insistira na odlasku stranih tu\u017eilaca i sudija koji su postali instrumenti u rukama protektora koji unedogled nastoje produ\u017eiti mandat stranaca u pravosudnim institucijama i tako obezbijediti presudan uticaj na de&scaron;avanja unutar BiH&quot;.<\/p>\n","protected":false},"excerpt":{"rendered":"<p>&Scaron;ema u kojoj je tim OHR-a u\u017ee bo&scaron;nja\u010dko politi\u010dko vo\u0111stvo, vjerske vo\u0111e i vode\u0107e privrednike ozna\u010dio kao dio politi\u010dko-kriminalne mre\u017ee u Federaciji BiH, postoji i za vode\u0107e hrvatske politi\u010dke zvani\u010dnike, pi&scaron;e dana&scaron;nji Ve\u010dernji list, izdanje za BiH. Neimenovani sagovornik zagreba\u010dkog dnevnika rekao je da se u slu\u010daju Hrvata oti&scaron;lo korak dalje, prenosi Srna. &quot;Mjesecima istra\u017eioci [&hellip;]<\/p>\n","protected":false},"author":1,"featured_media":0,"comment_status":"open","ping_status":"closed","sticky":false,"template":"","format":"standard","meta":{"_seopress_robots_primary_cat":"","_seopress_titles_title":"","_seopress_titles_desc":"","_seopress_robots_index":"","_et_pb_use_builder":"","_et_pb_old_content":"","_et_gb_content_width":"","inline_featured_image":false,"footnotes":""},"categories":[14],"tags":[],"class_list":["post-32420","post","type-post","status-publish","format-standard","hentry","category-vijesti"],"_links":{"self":[{"href":"https:\/\/www.pcnen.com\/portal\/wp-json\/wp\/v2\/posts\/32420","targetHints":{"allow":["GET"]}}],"collection":[{"href":"https:\/\/www.pcnen.com\/portal\/wp-json\/wp\/v2\/posts"}],"about":[{"href":"https:\/\/www.pcnen.com\/portal\/wp-json\/wp\/v2\/types\/post"}],"author":[{"embeddable":true,"href":"https:\/\/www.pcnen.com\/portal\/wp-json\/wp\/v2\/users\/1"}],"replies":[{"embeddable":true,"href":"https:\/\/www.pcnen.com\/portal\/wp-json\/wp\/v2\/comments?post=32420"}],"version-history":[{"count":0,"href":"https:\/\/www.pcnen.com\/portal\/wp-json\/wp\/v2\/posts\/32420\/revisions"}],"wp:attachment":[{"href":"https:\/\/www.pcnen.com\/portal\/wp-json\/wp\/v2\/media?parent=32420"}],"wp:term":[{"taxonomy":"category","embeddable":true,"href":"https:\/\/www.pcnen.com\/portal\/wp-json\/wp\/v2\/categories?post=32420"},{"taxonomy":"post_tag","embeddable":true,"href":"https:\/\/www.pcnen.com\/portal\/wp-json\/wp\/v2\/tags?post=32420"}],"curies":[{"name":"wp","href":"https:\/\/api.w.org\/{rel}","templated":true}]}}