{"id":32419,"date":"2009-11-02T11:43:40","date_gmt":"2009-11-02T11:43:40","guid":{"rendered":"http:\/\/www.pcnen.com\/portal\/?p=32419"},"modified":"2009-11-02T11:43:40","modified_gmt":"2009-11-02T11:43:40","slug":"sukob-incka-i-gregorijana","status":"publish","type":"post","link":"https:\/\/www.pcnen.com\/portal\/2009\/11\/02\/sukob-incka-i-gregorijana\/","title":{"rendered":"Sukob Incka i Gregorijana"},"content":{"rendered":"<p>Visoki predstavnik za BiH Valentin Incko i njegov prvi zamjenik Rafi Gregorijan u \u017eestokom su sukobu, a njihova sva\u0111a je podjelila na dva suprostavljena tabora i OHR, pi&scaron;e <em><a href=\"http:\/\/www.pressonline.rs\/sr\/vesti\/republika_srpska\/story\/85276\/Incko+protiv+Gregorijana%21.html\">Press<\/a><\/em> pozivaju\u0107i se na dobro obavje&scaron;tene diplomatke izvore.<\/p>\n<p>Prva dva \u010dovjeka OHR-a sukobili su se oko na\u010dina na koji je objavljen &scaron;ematski prikaz organizovanog kriminala u Federaciji BiH, u koji su upetljani najvi&scaron;i bo&scaron;nja\u010dki zvani\u010dnici i vjerske vo\u0111e.<\/p>\n<p>Novi sukob unutar OHR-a mogao bi ozbiljno da uzdrma ovu me\u0111unarodnu instituciju i to ba&scaron; u vrijeme kada se ozbiljno pri\u010da o njenom zatvaranju, pi&scaron;e list.<\/p>\n<p>Izvor lista navodi da Incku ne bi trebalo potpuno vjerovati kada javno ka\u017ee da nije upoznat sa spornom &scaron;emom koju je izradio OHR-ov analiti\u010dki tim, ali i da nema nikakve dileme da je najve\u0107i dio cijele afere napravljen bez njegovog znanja.<\/p>\n<p>Te analize su Gregorijanu slu\u017eile da ucjenjuje neke ljude kako bi ih prisilio da sprovede odre\u0111ene politi\u010dke aran\u017emane, i to traje godinama, a Incko, koji je u BiH mnogo kra\u0107e od Gregorijana, ne zna ba&scaron; najbolje &scaron;ta se sve radi u OHR.<\/p>\n","protected":false},"excerpt":{"rendered":"<p>Visoki predstavnik za BiH Valentin Incko i njegov prvi zamjenik Rafi Gregorijan u \u017eestokom su sukobu, a njihova sva\u0111a je podjelila na dva suprostavljena tabora i OHR, pi&scaron;e Press pozivaju\u0107i se na dobro obavje&scaron;tene diplomatke izvore. Prva dva \u010dovjeka OHR-a sukobili su se oko na\u010dina na koji je objavljen &scaron;ematski prikaz organizovanog kriminala u Federaciji [&hellip;]<\/p>\n","protected":false},"author":1,"featured_media":0,"comment_status":"open","ping_status":"closed","sticky":false,"template":"","format":"standard","meta":{"_seopress_robots_primary_cat":"","_seopress_titles_title":"","_seopress_titles_desc":"","_seopress_robots_index":"","_et_pb_use_builder":"","_et_pb_old_content":"","_et_gb_content_width":"","inline_featured_image":false,"footnotes":""},"categories":[14],"tags":[],"class_list":["post-32419","post","type-post","status-publish","format-standard","hentry","category-vijesti"],"_links":{"self":[{"href":"https:\/\/www.pcnen.com\/portal\/wp-json\/wp\/v2\/posts\/32419","targetHints":{"allow":["GET"]}}],"collection":[{"href":"https:\/\/www.pcnen.com\/portal\/wp-json\/wp\/v2\/posts"}],"about":[{"href":"https:\/\/www.pcnen.com\/portal\/wp-json\/wp\/v2\/types\/post"}],"author":[{"embeddable":true,"href":"https:\/\/www.pcnen.com\/portal\/wp-json\/wp\/v2\/users\/1"}],"replies":[{"embeddable":true,"href":"https:\/\/www.pcnen.com\/portal\/wp-json\/wp\/v2\/comments?post=32419"}],"version-history":[{"count":0,"href":"https:\/\/www.pcnen.com\/portal\/wp-json\/wp\/v2\/posts\/32419\/revisions"}],"wp:attachment":[{"href":"https:\/\/www.pcnen.com\/portal\/wp-json\/wp\/v2\/media?parent=32419"}],"wp:term":[{"taxonomy":"category","embeddable":true,"href":"https:\/\/www.pcnen.com\/portal\/wp-json\/wp\/v2\/categories?post=32419"},{"taxonomy":"post_tag","embeddable":true,"href":"https:\/\/www.pcnen.com\/portal\/wp-json\/wp\/v2\/tags?post=32419"}],"curies":[{"name":"wp","href":"https:\/\/api.w.org\/{rel}","templated":true}]}}