{"id":32417,"date":"2009-11-01T23:28:04","date_gmt":"2009-11-01T23:28:04","guid":{"rendered":"http:\/\/www.pcnen.com\/portal\/?p=32417"},"modified":"2009-11-01T23:28:04","modified_gmt":"2009-11-01T23:28:04","slug":"carapic-knezevic-ce-biti-saslusan-do-kraja-mjeseca","status":"publish","type":"post","link":"https:\/\/www.pcnen.com\/portal\/2009\/11\/01\/carapic-knezevic-ce-biti-saslusan-do-kraja-mjeseca\/","title":{"rendered":"\u010carapi\u0107: Kne\u017eevi\u0107 \u0107e biti saslu\u0161an do kraja mjeseca"},"content":{"rendered":"<p>Vrhovni dr\u017eavni tu\u017eilac Ranka \u010carapi\u0107 najavila je da \u0107e crnogorski biznismen Ratko Kne\u017eevi\u0107, kum premijera Mila \u0110ukanovi\u0107a biti saslu&scaron;an do kraja novembra. <\/p>\n<p>\u010carapi\u0107 je objasnila da je tu\u017eila&scaron;tvo tra\u017eilo saslu&scaron;anje Kne\u017eevi\u0107a i jo&scaron; nekih osoba, i da je ta procedura u toku. &quot;Stupili smo u kontakt sa Kne\u017eevi\u0107em i on je pristao da da izjavu. Sud \u0107e sada u\u0107i u taj postupak, u kome treba obezbijediti pravne pretpostavke i uslove da do saslu&scaron;anja do\u0111e&quot;, rekla je \u010carapi\u0107. <\/p>\n<p>Tu\u017eiteljka je precizirala da postoje dvije mogu\u0107nosti za uzimanje izjave od Kne\u017eevi\u0107a, u okviru me\u0111unarodne pravne pomi\u0107i, ili uz pomo\u0107 video-linka. <\/p>\n<p>Kako prenosi <em>Tanjug<\/em>, ona je kazala da je sud ve\u0107 u pripremama za realizaciju odluke o uzimanju izjave od Kne\u017eevi\u0107a i da \u0107e to biti realizovano najvjerovatnije do kraja mjeseca. <\/p>\n<p>Kne\u017eevi\u0107 je, u vi&scaron;e navrata, proteklih mjeseci iznio optu\u017ebe o umije&scaron;anosti premijera \u0110ukanovi\u0107a u &scaron;verc cigareta, navode\u0107i da on, zajedno sa srpskim biznismenom Stankom Suboti\u0107em Canetom, stoji iza ubistva vlasnika hrvatskog nedeljnika <em>Nacional<\/em> Iva Pukani\u0107a. <\/p>\n<p>\u0110ukanovi\u0107 je negirao takve optu\u017ebe, istakav&scaron;i da \u0107e postupak koji se o &scaron;vercu cigareta vodi u italijanskom tu\u017eila&scaron;tvu u Bariju pokazati da je sve izre\u010deno na njegov ra\u010dun &quot;bila i sada je samo konstrukcija&quot;. <\/p>\n<p>Izjave Kne\u017eevi\u0107a o okolnostima pod kojima je ubijen Pukani\u0107 gotovo istovremeno, krajem pro&scaron;log mjeseca, su zatra\u017eila i tu\u017eila&scaron;tva u Srbiji i Hrvatskoj. <\/p>\n","protected":false},"excerpt":{"rendered":"<p>Vrhovni dr\u017eavni tu\u017eilac Ranka \u010carapi\u0107 najavila je da \u0107e crnogorski biznismen Ratko Kne\u017eevi\u0107, kum premijera Mila \u0110ukanovi\u0107a biti saslu&scaron;an do kraja novembra. \u010carapi\u0107 je objasnila da je tu\u017eila&scaron;tvo tra\u017eilo saslu&scaron;anje Kne\u017eevi\u0107a i jo&scaron; nekih osoba, i da je ta procedura u toku. &quot;Stupili smo u kontakt sa Kne\u017eevi\u0107em i on je pristao da da izjavu. [&hellip;]<\/p>\n","protected":false},"author":1,"featured_media":0,"comment_status":"open","ping_status":"closed","sticky":false,"template":"","format":"standard","meta":{"_seopress_robots_primary_cat":"","_seopress_titles_title":"","_seopress_titles_desc":"","_seopress_robots_index":"","_et_pb_use_builder":"","_et_pb_old_content":"","_et_gb_content_width":"","inline_featured_image":false,"footnotes":""},"categories":[14],"tags":[],"class_list":["post-32417","post","type-post","status-publish","format-standard","hentry","category-vijesti"],"_links":{"self":[{"href":"https:\/\/www.pcnen.com\/portal\/wp-json\/wp\/v2\/posts\/32417","targetHints":{"allow":["GET"]}}],"collection":[{"href":"https:\/\/www.pcnen.com\/portal\/wp-json\/wp\/v2\/posts"}],"about":[{"href":"https:\/\/www.pcnen.com\/portal\/wp-json\/wp\/v2\/types\/post"}],"author":[{"embeddable":true,"href":"https:\/\/www.pcnen.com\/portal\/wp-json\/wp\/v2\/users\/1"}],"replies":[{"embeddable":true,"href":"https:\/\/www.pcnen.com\/portal\/wp-json\/wp\/v2\/comments?post=32417"}],"version-history":[{"count":0,"href":"https:\/\/www.pcnen.com\/portal\/wp-json\/wp\/v2\/posts\/32417\/revisions"}],"wp:attachment":[{"href":"https:\/\/www.pcnen.com\/portal\/wp-json\/wp\/v2\/media?parent=32417"}],"wp:term":[{"taxonomy":"category","embeddable":true,"href":"https:\/\/www.pcnen.com\/portal\/wp-json\/wp\/v2\/categories?post=32417"},{"taxonomy":"post_tag","embeddable":true,"href":"https:\/\/www.pcnen.com\/portal\/wp-json\/wp\/v2\/tags?post=32417"}],"curies":[{"name":"wp","href":"https:\/\/api.w.org\/{rel}","templated":true}]}}