{"id":32414,"date":"2009-11-01T20:24:12","date_gmt":"2009-11-01T20:24:12","guid":{"rendered":"http:\/\/www.pcnen.com\/portal\/?p=32414"},"modified":"2009-11-01T20:24:12","modified_gmt":"2009-11-01T20:24:12","slug":"kraj-uvodne-rijeci-optuzbe-bez-prisustva-karadzica","status":"publish","type":"post","link":"https:\/\/www.pcnen.com\/portal\/2009\/11\/01\/kraj-uvodne-rijeci-optuzbe-bez-prisustva-karadzica\/","title":{"rendered":"Kraj uvodne rije\u010di optu\u017ebe bez prisustva Karad\u017ei\u0107a"},"content":{"rendered":"<p>Tu\u017eioci na su\u0111enju biv&scaron;em predsjedniku Republike Srpske Radovanu Karad\u017ei\u0107u, optu\u017eenom za genocid nad nesrbima u BiH, sjutra \u0107e pred Ha&scaron;kim tribunalom okon\u010dati uvodnu rije\u010d u odsustvu Karad\u017ei\u0107a koji se brani sam, prenosi <em>Beta<\/em>.<\/p>\n<p>Karad\u017ei\u0107 bojkotuje po\u010detak su\u0111enja zato &scaron;to mu, kako tvrdi, sud nije dao dovoljno vremena da se pripremi za proces.<\/p>\n<p>Pro&scaron;log utorka, sudsko vije\u0107e predsjedavaju\u0107eg O Gon Kvona protuma\u010dilo je da se nepojavljivanjem u sudnici Karad\u017ei\u0107 odrekao prava da prisustvuje sudjenju, posle \u010dega je proces zapo\u010deo uvodnom rije\u010dju tu\u017eioca Alana Tigera.<\/p>\n","protected":false},"excerpt":{"rendered":"<p>Tu\u017eioci na su\u0111enju biv&scaron;em predsjedniku Republike Srpske Radovanu Karad\u017ei\u0107u, optu\u017eenom za genocid nad nesrbima u BiH, sjutra \u0107e pred Ha&scaron;kim tribunalom okon\u010dati uvodnu rije\u010d u odsustvu Karad\u017ei\u0107a koji se brani sam, prenosi Beta. Karad\u017ei\u0107 bojkotuje po\u010detak su\u0111enja zato &scaron;to mu, kako tvrdi, sud nije dao dovoljno vremena da se pripremi za proces. Pro&scaron;log utorka, sudsko [&hellip;]<\/p>\n","protected":false},"author":1,"featured_media":0,"comment_status":"open","ping_status":"closed","sticky":false,"template":"","format":"standard","meta":{"_seopress_robots_primary_cat":"","_seopress_titles_title":"","_seopress_titles_desc":"","_seopress_robots_index":"","_et_pb_use_builder":"","_et_pb_old_content":"","_et_gb_content_width":"","inline_featured_image":false,"footnotes":""},"categories":[14],"tags":[],"class_list":["post-32414","post","type-post","status-publish","format-standard","hentry","category-vijesti"],"_links":{"self":[{"href":"https:\/\/www.pcnen.com\/portal\/wp-json\/wp\/v2\/posts\/32414","targetHints":{"allow":["GET"]}}],"collection":[{"href":"https:\/\/www.pcnen.com\/portal\/wp-json\/wp\/v2\/posts"}],"about":[{"href":"https:\/\/www.pcnen.com\/portal\/wp-json\/wp\/v2\/types\/post"}],"author":[{"embeddable":true,"href":"https:\/\/www.pcnen.com\/portal\/wp-json\/wp\/v2\/users\/1"}],"replies":[{"embeddable":true,"href":"https:\/\/www.pcnen.com\/portal\/wp-json\/wp\/v2\/comments?post=32414"}],"version-history":[{"count":0,"href":"https:\/\/www.pcnen.com\/portal\/wp-json\/wp\/v2\/posts\/32414\/revisions"}],"wp:attachment":[{"href":"https:\/\/www.pcnen.com\/portal\/wp-json\/wp\/v2\/media?parent=32414"}],"wp:term":[{"taxonomy":"category","embeddable":true,"href":"https:\/\/www.pcnen.com\/portal\/wp-json\/wp\/v2\/categories?post=32414"},{"taxonomy":"post_tag","embeddable":true,"href":"https:\/\/www.pcnen.com\/portal\/wp-json\/wp\/v2\/tags?post=32414"}],"curies":[{"name":"wp","href":"https:\/\/api.w.org\/{rel}","templated":true}]}}