{"id":32413,"date":"2009-11-01T19:23:57","date_gmt":"2009-11-01T19:23:57","guid":{"rendered":"http:\/\/www.pcnen.com\/portal\/?p=32413"},"modified":"2009-11-01T19:23:57","modified_gmt":"2009-11-01T19:23:57","slug":"medojevic-istraga-ce-doci-do-cg-video","status":"publish","type":"post","link":"https:\/\/www.pcnen.com\/portal\/2009\/11\/01\/medojevic-istraga-ce-doci-do-cg-video\/","title":{"rendered":"Medojevi\u0107: Istraga \u0107e do\u0107i do CG (video)"},"content":{"rendered":"<p>&quot;U optu\u017enici koja je podignuta u Zagrebu stoji da je Ivo Pukani\u0107 ubijen zbog pisanja o kriminalnim grupama i mafijama u regionu. Sigurno najsna\u017enija kriminalna grupacija danas na Balkanu je ova koja djeluje u Crnoj Gori. Ne zbog toga &scaron;to je ona sama po sebi jaka, ve\u0107 &scaron;to iza nje stoji dr\u017eave, &scaron;to stoje dr\u017eavne slu\u017ebe, &scaron;to ima ogromni kapital&quot;, tvrdi Medojevi\u0107. <\/p>\n<p>&quot;Ako je to kartel koji je spreman da potro&scaron;i 100 miliona eura da isfinansira najve\u0107u nabavku kokaina ove godine u Evropi i svijetu, onda mo\u017eete zamisliti o kakvoj se mo\u0107noj kriminalnoj organizaciji radi&quot;, navodi on. <\/p>\n<p>&quot;Gospodin Pukani\u0107 je jedan od svjedoka na su\u0111enju u Bariju i nije prvi od mogu\u0107ih svjedoka koji je likvidiran, niti je prvi novinar koji je ubijen zbog pisanja o duvanskoj mafiji. U Crnoj Gori je ubijen i Du&scaron;ko Jovanovi\u0107&quot;, podsje\u0107a lider Pokreta za promjene. <\/p>\n<div style=\"text-align: center\"><object classid=\"clsid:D27CDB6E-AE6D-11cf-96B8-444553540000\" codebase=\"http:\/\/download.macromedia.com\/pub\/shockwave\/cabs\/flash\/swflash.cab#version=6,0,29,0\" width=\"409\" height=\"394\"><param name=\"movie\" value=\"http:\/\/blip.tv\/play\/hKYmgavmXAI\" \/><param name=\"quality\" value=\"high\" \/><param name=\"menu\" value=\"false\" \/><param name=\"wmode\" value=\"\" \/><embed src=\"http:\/\/blip.tv\/play\/hKYmgavmXAI\" wmode=\"\" quality=\"high\" menu=\"false\" pluginspage=\"http:\/\/www.macromedia.com\/go\/getflashplayer\" type=\"application\/x-shockwave-flash\" width=\"409\" height=\"394\"><\/embed><\/object><\/div>\n","protected":false},"excerpt":{"rendered":"<p>Lider Pzp Neboj&scaron;a Medojevi\u0107 ponovio je za B92 optu\u017ebe na ra\u010dun crnogorskog premijera Mila \u0110ukanovi\u0107a. Medojevi\u0107 je rekao da \u0107e i potraga za nalogodavcima ubistva hrvatskog novinara Iva Pukani\u0107a, sti\u0107i do Crne Gore.&nbsp;<\/p>\n","protected":false},"author":1,"featured_media":0,"comment_status":"open","ping_status":"closed","sticky":false,"template":"","format":"standard","meta":{"_seopress_robots_primary_cat":"","_seopress_titles_title":"","_seopress_titles_desc":"","_seopress_robots_index":"","_et_pb_use_builder":"","_et_pb_old_content":"","_et_gb_content_width":"","inline_featured_image":false,"footnotes":""},"categories":[14],"tags":[],"class_list":["post-32413","post","type-post","status-publish","format-standard","hentry","category-vijesti"],"_links":{"self":[{"href":"https:\/\/www.pcnen.com\/portal\/wp-json\/wp\/v2\/posts\/32413","targetHints":{"allow":["GET"]}}],"collection":[{"href":"https:\/\/www.pcnen.com\/portal\/wp-json\/wp\/v2\/posts"}],"about":[{"href":"https:\/\/www.pcnen.com\/portal\/wp-json\/wp\/v2\/types\/post"}],"author":[{"embeddable":true,"href":"https:\/\/www.pcnen.com\/portal\/wp-json\/wp\/v2\/users\/1"}],"replies":[{"embeddable":true,"href":"https:\/\/www.pcnen.com\/portal\/wp-json\/wp\/v2\/comments?post=32413"}],"version-history":[{"count":0,"href":"https:\/\/www.pcnen.com\/portal\/wp-json\/wp\/v2\/posts\/32413\/revisions"}],"wp:attachment":[{"href":"https:\/\/www.pcnen.com\/portal\/wp-json\/wp\/v2\/media?parent=32413"}],"wp:term":[{"taxonomy":"category","embeddable":true,"href":"https:\/\/www.pcnen.com\/portal\/wp-json\/wp\/v2\/categories?post=32413"},{"taxonomy":"post_tag","embeddable":true,"href":"https:\/\/www.pcnen.com\/portal\/wp-json\/wp\/v2\/tags?post=32413"}],"curies":[{"name":"wp","href":"https:\/\/api.w.org\/{rel}","templated":true}]}}