{"id":324080,"date":"2021-07-22T21:50:22","date_gmt":"2021-07-22T19:50:22","guid":{"rendered":"https:\/\/www.pcnen.com\/portal\/?p=324080"},"modified":"2021-07-22T21:50:22","modified_gmt":"2021-07-22T19:50:22","slug":"abazovic-cigarete-zaplijenjene-u-bih-ukradene-u-baru","status":"publish","type":"post","link":"https:\/\/www.pcnen.com\/portal\/2021\/07\/22\/abazovic-cigarete-zaplijenjene-u-bih-ukradene-u-baru\/","title":{"rendered":"Abazovi\u0107: Cigarete zaplijenjene u BiH ukradene u Baru"},"content":{"rendered":"<p>Potpredsjednik vlade Dritan Abazovi\u0107 je saop\u0161tio ve\u010deras da su cigarete koje su danas zaplijenjene u Bosni i Hercegovini,<a href=\"https:\/\/www.pcnen.com\/portal\/2021\/07\/10\/ukradene-cigarete-iz-luke-bar\/\"> ukradene 10. jula iz hangara<\/a> u Slobodnoj zoni Luke Bar.<\/p>\n<p>Abazovi\u0107 je to kazao u razgovoru za TV Vijesti nakon dana\u0161nje odluke Vlade da zabrani skladi\u0161tenje cigareta u Slobodnoj zoni Luke Bar i time &#8220;zada sna\u017ean udarac organizovanim kriminalnim grupama koje su decenijama organizovale \u0161verc&#8221; preko crnogorske luke.<\/p>\n<p>Tovar cigareta firmi &#8220;Atlant Mont LTD Sej\u0161eli&#8221; i &#8220;Lenora Internacional Delaver&#8221; nestao je 10. jula iz skladi\u0161ta privatne kompanije &#8220;CentroJadran&#8221; u Luci Bar.<\/p>\n<p>Tu\u017eila\u0161tvo BiH saop\u0161tilo je danas da su pripadnici Dr\u017eavne agencije za istrage i za\u0161titu (SIPA) uhapsili jednu osobu i zaplijenili cigarete prokrijum\u010darene iz Crne Gore, \u010dija se tr\u017ei\u0161na vrijednost procjenjuje na vi\u0161e od 664.369 eura.<\/p>\n<p>Tu\u017eila\u0161tva navodi da se radi o jednoj od najve\u0107ih zaplena ilegalnih cigareta u BiH.<\/p>\n<p>Tovar cigareta ukraden je nakon \u0161to je vlada Crne Gore najavila zabranu skladi\u0161tenja cigareta u Slobodnoj zoni Luke Bar.<\/p>\n<p>Prema procijenama crnogorske vlade dr\u017eavni bud\u017eet zbog \u0161verca cigareta godi\u0161nje gubi od 30 do 35 miliona eura.<\/p>\n","protected":false},"excerpt":{"rendered":"<p>Tu\u017eila\u0161tva navodi da se radi o jednoj od najve\u0107ih zaplena ilegalnih cigareta u BiH<\/p>\n","protected":false},"author":1,"featured_media":301358,"comment_status":"open","ping_status":"closed","sticky":false,"template":"","format":"standard","meta":{"_seopress_robots_primary_cat":"","_seopress_titles_title":"","_seopress_titles_desc":"","_seopress_robots_index":"","_et_pb_use_builder":"","_et_pb_old_content":"","_et_gb_content_width":"","inline_featured_image":false,"footnotes":""},"categories":[14],"tags":[],"class_list":["post-324080","post","type-post","status-publish","format-standard","has-post-thumbnail","hentry","category-vijesti"],"_links":{"self":[{"href":"https:\/\/www.pcnen.com\/portal\/wp-json\/wp\/v2\/posts\/324080","targetHints":{"allow":["GET"]}}],"collection":[{"href":"https:\/\/www.pcnen.com\/portal\/wp-json\/wp\/v2\/posts"}],"about":[{"href":"https:\/\/www.pcnen.com\/portal\/wp-json\/wp\/v2\/types\/post"}],"author":[{"embeddable":true,"href":"https:\/\/www.pcnen.com\/portal\/wp-json\/wp\/v2\/users\/1"}],"replies":[{"embeddable":true,"href":"https:\/\/www.pcnen.com\/portal\/wp-json\/wp\/v2\/comments?post=324080"}],"version-history":[{"count":1,"href":"https:\/\/www.pcnen.com\/portal\/wp-json\/wp\/v2\/posts\/324080\/revisions"}],"predecessor-version":[{"id":324081,"href":"https:\/\/www.pcnen.com\/portal\/wp-json\/wp\/v2\/posts\/324080\/revisions\/324081"}],"wp:featuredmedia":[{"embeddable":true,"href":"https:\/\/www.pcnen.com\/portal\/wp-json\/wp\/v2\/media\/301358"}],"wp:attachment":[{"href":"https:\/\/www.pcnen.com\/portal\/wp-json\/wp\/v2\/media?parent=324080"}],"wp:term":[{"taxonomy":"category","embeddable":true,"href":"https:\/\/www.pcnen.com\/portal\/wp-json\/wp\/v2\/categories?post=324080"},{"taxonomy":"post_tag","embeddable":true,"href":"https:\/\/www.pcnen.com\/portal\/wp-json\/wp\/v2\/tags?post=324080"}],"curies":[{"name":"wp","href":"https:\/\/api.w.org\/{rel}","templated":true}]}}