{"id":32406,"date":"2009-11-01T13:23:30","date_gmt":"2009-11-01T13:23:30","guid":{"rendered":"http:\/\/www.pcnen.com\/portal\/?p=32406"},"modified":"2009-11-01T13:23:30","modified_gmt":"2009-11-01T13:23:30","slug":"go-pzp-danas-o-bojkotu-izbora","status":"publish","type":"post","link":"https:\/\/www.pcnen.com\/portal\/2009\/11\/01\/go-pzp-danas-o-bojkotu-izbora\/","title":{"rendered":"GO PzP danas o bojkotu izbora"},"content":{"rendered":"<p>Glavni odbor Pokreta za promjene trebalo bi danas da potvrdi odluku Predsjedni&scaron;tva stranke o bojkotu lokalnih izbora na Cetinju. <\/p>\n<p>GO bi trebao da donese i odluku o nastupu, odnosno bojkotu lokalnih izbora i u Mojkovcu, prenosi <em>Radio Antena M<\/em>.<\/p>\n<p>Portparol PzP ranije je rekao da \u0107e GO usaglasiti i plan aktivnog bojkota koji \u0107e stupiti na snagu odmah nakon sjednice.<\/p>\n<p>&quot;Uvjereni smo da \u0107emo u koaliciji sa ve\u0107inskim dijelom gra\u0111ana cetinja, sa pravog mjesta, poslati pravu i jasnu poruku me\u0111unarodnoj javnosti da aktuelni re\u017eim nema demokratski legitimitet niti crnogorske prijestonice, niti gra\u0111ana Crne Gore&quot;, rekao je Pavlovi\u0107.<\/p>\n","protected":false},"excerpt":{"rendered":"<p>Glavni odbor Pokreta za promjene trebalo bi danas da potvrdi odluku Predsjedni&scaron;tva stranke o bojkotu lokalnih izbora na Cetinju. GO bi trebao da donese i odluku o nastupu, odnosno bojkotu lokalnih izbora i u Mojkovcu, prenosi Radio Antena M. Portparol PzP ranije je rekao da \u0107e GO usaglasiti i plan aktivnog bojkota koji \u0107e stupiti [&hellip;]<\/p>\n","protected":false},"author":1,"featured_media":0,"comment_status":"open","ping_status":"closed","sticky":false,"template":"","format":"standard","meta":{"_seopress_robots_primary_cat":"","_seopress_titles_title":"","_seopress_titles_desc":"","_seopress_robots_index":"","_et_pb_use_builder":"","_et_pb_old_content":"","_et_gb_content_width":"","inline_featured_image":false,"footnotes":""},"categories":[14],"tags":[],"class_list":["post-32406","post","type-post","status-publish","format-standard","hentry","category-vijesti"],"_links":{"self":[{"href":"https:\/\/www.pcnen.com\/portal\/wp-json\/wp\/v2\/posts\/32406","targetHints":{"allow":["GET"]}}],"collection":[{"href":"https:\/\/www.pcnen.com\/portal\/wp-json\/wp\/v2\/posts"}],"about":[{"href":"https:\/\/www.pcnen.com\/portal\/wp-json\/wp\/v2\/types\/post"}],"author":[{"embeddable":true,"href":"https:\/\/www.pcnen.com\/portal\/wp-json\/wp\/v2\/users\/1"}],"replies":[{"embeddable":true,"href":"https:\/\/www.pcnen.com\/portal\/wp-json\/wp\/v2\/comments?post=32406"}],"version-history":[{"count":0,"href":"https:\/\/www.pcnen.com\/portal\/wp-json\/wp\/v2\/posts\/32406\/revisions"}],"wp:attachment":[{"href":"https:\/\/www.pcnen.com\/portal\/wp-json\/wp\/v2\/media?parent=32406"}],"wp:term":[{"taxonomy":"category","embeddable":true,"href":"https:\/\/www.pcnen.com\/portal\/wp-json\/wp\/v2\/categories?post=32406"},{"taxonomy":"post_tag","embeddable":true,"href":"https:\/\/www.pcnen.com\/portal\/wp-json\/wp\/v2\/tags?post=32406"}],"curies":[{"name":"wp","href":"https:\/\/api.w.org\/{rel}","templated":true}]}}