{"id":324033,"date":"2021-07-22T14:45:17","date_gmt":"2021-07-22T12:45:17","guid":{"rendered":"https:\/\/www.pcnen.com\/portal\/?p=324033"},"modified":"2021-07-22T18:02:08","modified_gmt":"2021-07-22T16:02:08","slug":"odgovor-laznog-gradaniste","status":"publish","type":"post","link":"https:\/\/www.pcnen.com\/portal\/2021\/07\/22\/odgovor-laznog-gradaniste\/","title":{"rendered":"Odgovor la\u017enog gra\u0111aniste"},"content":{"rendered":"<p>Ju\u010de je odr\u017ean protest povodom skandaloznih namje\u0161tenja u prosvjeti, jo\u0161 skandaloznije ministarke Brati\u0107, koji je organizovala GI \u201e21 maj\u201c. Na protestu sam bio vi\u0111en i uslikan u gro planu u vi\u0161e medija. Osvanuo sam i na jutro\u0161njoj naslovnici \u201ePobjede\u201c, odmah iza gospo\u0111e Draginje Vuksanovi\u0107 \u2013 Stankovi\u0107, govornice na protestu. Da li je ba\u0161 slu\u010dajno takva fotografija iza\u0161la na naslovnici Pobjede? &#8211;\u00a0 manje je bitno.<\/p>\n<p>Od ju\u010de su mi stigle desetine poruka ili prozivki tipa \u201ebravo, svaka ti \u010dast, ipak si sa nama, najzad si uvidio kakvi su ovi\u201c \u2013 sa jedne strane, odnosno da sam izdajnik, la\u017eni gra\u0111anista, oduvijek sumnjiv skriveni podr\u017eavalac biv\u0161e vlasti \u2013 sa druge.<\/p>\n<p>Skoro svima je promakla jedna \u201esitnica\u201c sa dana\u0161nje fotografije u Pobjedi, da je ispred mene u visini kuka postavljen telefon na stativu, kojim sam snimao protest jer sam na njemu bio u svojstvu izvje\u0161ta\u010da PCNEN-a, gdje sam poslije protesta objavio prilog o tome. (<a href=\"https:\/\/www.pcnen.com\/portal\/2021\/07\/21\/odrzan-protest-ispred-ministarstva-prosvjete\/\">https:\/\/www.pcnen.com\/portal\/2021\/07\/21\/odrzan-protest-ispred-ministarstva-prosvjete\/<\/a>)<\/p>\n<p>Ovaj tekst pi\u0161em &#8211; ne da bih se pravdao bilo kome, jer da bih se nekome od vas koji ste me prozvali pravdao, trebao bi to da zaslu\u017ei &#8211; a vi to nijeste: ni prvi (biv\u0161a vlast), ni drugi(sada\u0161nja vlast).<\/p>\n<p>Za trideset godina od kada sam aktivan na javnoj sceni uvijek sam se rukovodio principima, za razliku od ve\u0107ine vas koji politiku vidite kao kurvu &#8211; i to onu najneprincipijelniju, pa se tako i pona\u0161ate. Bez dosljednosti i principa prostitucija je \u010dasnije zanimanje, a politika samo unosnije. Kurva, na kraju krajeva, raspola\u017ee svojim tijelom i prodaje ga, a vi prodajete na\u0161a zajedno sa du\u0161om \u2013 koju one mogu sa\u010duvati.<\/p>\n<p>Iskoristi\u0107u ovaj svoj javni odgovor kao la\u017enog gra\u0111aniste da vam saop\u0161tim jo\u0161 par stvari, \u0161to se mojih pogleda i stavova ti\u010de.<\/p>\n<p>Svojevremenim imenovanjem polupismenog Slavoljuba Stijepovi\u0107a za ministra prosvjeta mislio sam da ve\u0107e uvrede za prosvjetnu zajednicu i gra\u0111ane Crne Gore ne mo\u017ee biti. Prevario sam se. Nova \u201edemokratska i narodna vlast\u201c je imenovanjem Vesne Brati\u0107 za ministarku prosvjete, plus kulture, nauke i sporta, uvrijedila sve pristojne gra\u0111ane Crne Gore, mada ona i nije postavljena na to mjesto kao servis gra\u0111ana ve\u0107 na zadovoljstvo po\u0161tovanog naroda. Takvim postavljenjem pljunuli ste u lice onom dijelu gra\u0111ana koji su se godinama, neki i decenijama, borili za istinske promjene, depolitizaciju dr\u017eavnih institucija, protiv partijskog zapo\u0161ljavanja i ideolo\u0161ko isklju\u010divih namje\u0161tenja. \u201eKadrove\u201c koje bira Vesna Brati\u0107 i postavlja na mjesta &#8211; tako\u0111e partijskih kadrova pro\u0161le vlasti &#8211; su uglavnom zasti\u0111e, uglavnom ekstremni nacionalisti, uglavnom opskurne i ideolo\u0161ki ostra\u0161\u0107ene osobe koje izazivaju revolt i gnijev kod pristojnih gra\u0111ana, a euforiju trijumfalizma kod po\u0161tovanog naroda.<\/p>\n<p>Ve\u0107inom namje\u0161tenja u novoj vlasti, posebno u resoru kojim rukovodi ministarka Vesna Brati\u0107, nova vlast izaziva ve\u0107e podjele i antagonizme nego pro\u0161la. Toga ste, znam, veoma svjesni, ali ve\u0107ini vas su stavovi gospo\u0111a Brati\u0107 ideolo\u0161ka matrica, a pri\u010de o pomirenju floskula. Da budem jo\u0161 konkretniji: vi ste gospodo iz nove vlasti jedno partijsko zapo\u0161ljavanje zamjenili drugim, jednu ideolo\u0161ku isklju\u010divost zamjenili drugom &#8211; u jo\u0161 rigidnijem obliku. Stim da\u00a0 je me\u0111u namje\u0161tenjima iz pro\u0161le vlasti \u201epo dubini\u201c bilo vi\u0161e profesionalaca i ljudi koji znaju svoj posao od ovih koje vi postavljate. Od svih predizbornih obe\u0107anja za ovih osam mjeseci od kada ste na vlasti, najve\u0107i usjeh vam je ju\u010dera\u0161nje vra\u0107anje Ulcinjske Solane u dr\u017eavno vlasni\u0161tvo \u2013 \u0161to iskreno pozdravljam.<\/p>\n<p>Kako ste mi se odavno zgadili, obavje\u0161tavam vas da \u0107ete ubudu\u0107e slobodno mo\u0107i da mi pri\u0161ivate epitete izdajnika \u2013 da\u0107u vam konkretnih povoda, jer \u0107u ubudu\u0107e iza\u0107i na svaku akciju ili protest koju budem smatrao opravdanom, ma ko bio organizator. Kada sam mogao izlaziti sa Barskom srbadijom na protest, mogu i sa Miodragom \u017divkovi\u0107em, analiti\u010darom Filipovi\u0107em, komitama, ili \u010dak i sa DPS-om. Samo \u0107u biti negdje sa strane, da se ne mije\u0161am sa njima \u2013 zbog li\u010dnog dostojanstva. A kada me je pro\u0161la vlast mogla krstiti kao muslimanskog \u010detnika, Omera kokardu, pla\u0107enika Beograda, mogu pretrpjeti epitete, vjerujte mi, da sam la\u017eni gra\u0111anista, mrzitelj svega srpskog i pravoslavnog \u2013 od vas i ove kleronacionalisti\u010dke vlasti, te od va\u0161ih zajapurenih pristalica.<\/p>\n<p>Oni pro\u0161li su bili oberplja\u010dka\u0161i, vi ste kleronacionalisti i uglavnom amateri, tako da sam ponosan da budem izdajnik i njih i vas.<\/p>\n<p>P.S. Poslije skandaloznih namje\u0161tenja jo\u0161 skandaloznije ministarke, u ponedjeljak me je pozvala jedna osoba i upoznala sa namjerom njih nekoliko \u017eena da za srijedu u 10 sati organizuju protest ispred ministarstva prosvjete. Odgovorio sam joj da \u0107u pomo\u0107i organizaciju protesta i u\u010destvovati na njemu, u drugom planu, ako iza protesta ne stoje DPS ili \u201ekomite\u201c. Kazala mi je da oni nemaju veze ni sa kim od njih. Sjutradan, u utorak, ponovo me je nazvala da mi saop\u0161ti kako je organizaciju protesta preuzela GI \u201e21 maj\u201c. Na tu informaciju sam odustao od bilo kakvog u\u010de\u0161\u0107a, kao i ta grupa \u017eena. Od dva zla, za pristojnost i normalnost u ovoj zemlji mjesta nema. Zato svi takvi bje\u017ee iz zemlje ili imaju namjeru da pobjegnu, sa kartom u jednom pravcu. Oni koji ostaju se pasiviziraju, ne \u017eele\u0107i da u\u010destvuju u ovom blatu, op\u0161tem i su\u0161tinski nepromijenjenom ludilu, u kojem ste nam ubili i nadu, kako jedni tako i drugi.<\/p>\n","protected":false},"excerpt":{"rendered":"<p>Pi\u0161e: Omer \u0160ARKI\u0106<\/p>\n","protected":false},"author":12,"featured_media":286086,"comment_status":"open","ping_status":"closed","sticky":false,"template":"","format":"standard","meta":{"_seopress_robots_primary_cat":"","_seopress_titles_title":"","_seopress_titles_desc":"","_seopress_robots_index":"","_et_pb_use_builder":"","_et_pb_old_content":"","_et_gb_content_width":"","inline_featured_image":false,"footnotes":""},"categories":[17],"tags":[],"class_list":["post-324033","post","type-post","status-publish","format-standard","has-post-thumbnail","hentry","category-blogovi"],"_links":{"self":[{"href":"https:\/\/www.pcnen.com\/portal\/wp-json\/wp\/v2\/posts\/324033","targetHints":{"allow":["GET"]}}],"collection":[{"href":"https:\/\/www.pcnen.com\/portal\/wp-json\/wp\/v2\/posts"}],"about":[{"href":"https:\/\/www.pcnen.com\/portal\/wp-json\/wp\/v2\/types\/post"}],"author":[{"embeddable":true,"href":"https:\/\/www.pcnen.com\/portal\/wp-json\/wp\/v2\/users\/12"}],"replies":[{"embeddable":true,"href":"https:\/\/www.pcnen.com\/portal\/wp-json\/wp\/v2\/comments?post=324033"}],"version-history":[{"count":6,"href":"https:\/\/www.pcnen.com\/portal\/wp-json\/wp\/v2\/posts\/324033\/revisions"}],"predecessor-version":[{"id":324070,"href":"https:\/\/www.pcnen.com\/portal\/wp-json\/wp\/v2\/posts\/324033\/revisions\/324070"}],"wp:featuredmedia":[{"embeddable":true,"href":"https:\/\/www.pcnen.com\/portal\/wp-json\/wp\/v2\/media\/286086"}],"wp:attachment":[{"href":"https:\/\/www.pcnen.com\/portal\/wp-json\/wp\/v2\/media?parent=324033"}],"wp:term":[{"taxonomy":"category","embeddable":true,"href":"https:\/\/www.pcnen.com\/portal\/wp-json\/wp\/v2\/categories?post=324033"},{"taxonomy":"post_tag","embeddable":true,"href":"https:\/\/www.pcnen.com\/portal\/wp-json\/wp\/v2\/tags?post=324033"}],"curies":[{"name":"wp","href":"https:\/\/api.w.org\/{rel}","templated":true}]}}