{"id":32401,"date":"2009-11-01T10:49:16","date_gmt":"2009-11-01T10:49:16","guid":{"rendered":"http:\/\/www.pcnen.com\/portal\/?p=32401"},"modified":"2009-11-01T10:49:16","modified_gmt":"2009-11-01T10:49:16","slug":"sejdiu-spor-sa-cg-rijesicemo-demarkacijom","status":"publish","type":"post","link":"https:\/\/www.pcnen.com\/portal\/2009\/11\/01\/sejdiu-spor-sa-cg-rijesicemo-demarkacijom\/","title":{"rendered":"Sejdiu: Spor sa CG rije\u0161i\u0107emo demarkacijom"},"content":{"rendered":"<p>Predsjednik Kosova Fatmir Sejdiju izjavio je da \u0107e se eventulani grani\u010dni sporovi sa Crnom Gorom rije&scaron;iti demarkacijom granice, javila je agencija <em>Beta<\/em>. <\/p>\n<p>&quot;Ako imamo nekih eventualnih sporova, to \u0107e se rije&scaron;iti demarkacijom, kako bi se znalo gdje je granica Kosova i gdje je granica Crne Gore&quot;, kazao je Sejdiju Televiziji Crne Gore i dodao da \u0107e &quot;tehni\u010dki aspekt tog pitanja rje&scaron;avati eksperti&quot;. <\/p>\n<p>Prema rije\u010dima predsednika Kosova, ne treba stvarati utisak da nema povoljne klime izme\u0111u dvije dr\u017eave. <\/p>\n<p>Nedavno su mje&scaron;tani grani\u010dnog pojasa izme\u0111u Crne Gore i Kosova protestovali jer su table dobrodo&scaron;lice u Crnu Goru navodno postavljene unutar kosovske teritorije. Table su polomljene, a potom ponovo postavljene, dok je iz crnogorske uprave policije saop&scaron;teno da se one nalaze na teritoriji Crne Gore. <\/p>\n","protected":false},"excerpt":{"rendered":"<p>Predsjednik Kosova Fatmir Sejdiju izjavio je da \u0107e se eventulani grani\u010dni sporovi sa Crnom Gorom rije&scaron;iti demarkacijom granice, javila je agencija Beta. &quot;Ako imamo nekih eventualnih sporova, to \u0107e se rije&scaron;iti demarkacijom, kako bi se znalo gdje je granica Kosova i gdje je granica Crne Gore&quot;, kazao je Sejdiju Televiziji Crne Gore i dodao da [&hellip;]<\/p>\n","protected":false},"author":1,"featured_media":0,"comment_status":"open","ping_status":"closed","sticky":false,"template":"","format":"standard","meta":{"_seopress_robots_primary_cat":"","_seopress_titles_title":"","_seopress_titles_desc":"","_seopress_robots_index":"","_et_pb_use_builder":"","_et_pb_old_content":"","_et_gb_content_width":"","inline_featured_image":false,"footnotes":""},"categories":[14],"tags":[],"class_list":["post-32401","post","type-post","status-publish","format-standard","hentry","category-vijesti"],"_links":{"self":[{"href":"https:\/\/www.pcnen.com\/portal\/wp-json\/wp\/v2\/posts\/32401","targetHints":{"allow":["GET"]}}],"collection":[{"href":"https:\/\/www.pcnen.com\/portal\/wp-json\/wp\/v2\/posts"}],"about":[{"href":"https:\/\/www.pcnen.com\/portal\/wp-json\/wp\/v2\/types\/post"}],"author":[{"embeddable":true,"href":"https:\/\/www.pcnen.com\/portal\/wp-json\/wp\/v2\/users\/1"}],"replies":[{"embeddable":true,"href":"https:\/\/www.pcnen.com\/portal\/wp-json\/wp\/v2\/comments?post=32401"}],"version-history":[{"count":0,"href":"https:\/\/www.pcnen.com\/portal\/wp-json\/wp\/v2\/posts\/32401\/revisions"}],"wp:attachment":[{"href":"https:\/\/www.pcnen.com\/portal\/wp-json\/wp\/v2\/media?parent=32401"}],"wp:term":[{"taxonomy":"category","embeddable":true,"href":"https:\/\/www.pcnen.com\/portal\/wp-json\/wp\/v2\/categories?post=32401"},{"taxonomy":"post_tag","embeddable":true,"href":"https:\/\/www.pcnen.com\/portal\/wp-json\/wp\/v2\/tags?post=32401"}],"curies":[{"name":"wp","href":"https:\/\/api.w.org\/{rel}","templated":true}]}}