{"id":323936,"date":"2021-07-21T11:41:36","date_gmt":"2021-07-21T09:41:36","guid":{"rendered":"https:\/\/www.pcnen.com\/portal\/?p=323936"},"modified":"2021-07-21T11:52:39","modified_gmt":"2021-07-21T09:52:39","slug":"odrzan-protest-ispred-ministarstva-prosvjete","status":"publish","type":"post","link":"https:\/\/www.pcnen.com\/portal\/2021\/07\/21\/odrzan-protest-ispred-ministarstva-prosvjete\/","title":{"rendered":"Odr\u017ean protest ispred Ministarstva prosvjete"},"content":{"rendered":"<p>Danas je odr\u017ean protest ispred Ministarstva prosvjete, a povod je smjena direktora u osnovnim \u0161kolama, sa posebnim akcentom na <a href=\"https:\/\/www.pcnen.com\/portal\/2021\/07\/19\/bar-suspendovana-uciteljica-imenovana-za-v-d-direktoricu-skole\/\">imenovanje u\u010diteljice Rade Vi\u0161nji\u0107 za<\/a> direktoru Osnovne \u0161kole \u201cJugoslavija\u201d u Baru.<\/p>\n<p>Sa protesta, koji je okupio oko 300 gra\u0111ana, je tra\u017eena ostavka ministarke Vesne Brati\u0107, ali i kompletne Vlade. Govornici su isticali da je aktuelna Vlada kleronacionalisti\u010dka, da se izbor direktora osnovnih \u0161kola vr\u0161i po ideolo\u0161ko-crkvenom diktatu, te da se preko obrazovanja \u017eeli sprovoditi politika svetoslavlja, posrbljavanja Crne Gore i rehabilitacije \u010detni\u0161tva.<\/p>\n<p>Protest je vodio polti\u010dki analita\u010dar Ljubo Filipovi\u0107, a me\u0111u ostalima, okupljenima su se obratili Aleksandar Sa\u0161a Zekovi\u0107, Miodrag \u017divkovi\u0107, te Draginja Vuksanovi\u0107-Stankovi\u0107 koja je dobila najvi\u0161e aplauza i ovacija.<\/p>\n<p>Protest je organizovala Gra\u0111anska inicijativa \u201c21 maj\u201d.<\/p>\n<p>O.\u0160arki\u0107<\/p>\n<p><img loading=\"lazy\" decoding=\"async\" class=\"aligncenter size-full wp-image-323938\" src=\"https:\/\/www.pcnen.com\/portal\/wp-content\/uploads\/2021\/07\/protest-bratic.jpg\" alt=\"\" width=\"640\" height=\"480\" srcset=\"https:\/\/www.pcnen.com\/portal\/wp-content\/uploads\/2021\/07\/protest-bratic.jpg 640w, https:\/\/www.pcnen.com\/portal\/wp-content\/uploads\/2021\/07\/protest-bratic-300x225.jpg 300w, https:\/\/www.pcnen.com\/portal\/wp-content\/uploads\/2021\/07\/protest-bratic-580x435.jpg 580w\" sizes=\"(max-width: 640px) 100vw, 640px\" \/><\/p>\n","protected":false},"excerpt":{"rendered":"<p>Protest je organizovala Gra\u0111anska inicijativa \u201c21 maj\u201d<br \/>\nFoto Omer \u0160ARKI\u0106<\/p>\n","protected":false},"author":1,"featured_media":323937,"comment_status":"open","ping_status":"closed","sticky":false,"template":"","format":"standard","meta":{"_seopress_robots_primary_cat":"","_seopress_titles_title":"","_seopress_titles_desc":"","_seopress_robots_index":"","_et_pb_use_builder":"","_et_pb_old_content":"","_et_gb_content_width":"","inline_featured_image":false,"footnotes":""},"categories":[14],"tags":[],"class_list":["post-323936","post","type-post","status-publish","format-standard","has-post-thumbnail","hentry","category-vijesti"],"_links":{"self":[{"href":"https:\/\/www.pcnen.com\/portal\/wp-json\/wp\/v2\/posts\/323936","targetHints":{"allow":["GET"]}}],"collection":[{"href":"https:\/\/www.pcnen.com\/portal\/wp-json\/wp\/v2\/posts"}],"about":[{"href":"https:\/\/www.pcnen.com\/portal\/wp-json\/wp\/v2\/types\/post"}],"author":[{"embeddable":true,"href":"https:\/\/www.pcnen.com\/portal\/wp-json\/wp\/v2\/users\/1"}],"replies":[{"embeddable":true,"href":"https:\/\/www.pcnen.com\/portal\/wp-json\/wp\/v2\/comments?post=323936"}],"version-history":[{"count":4,"href":"https:\/\/www.pcnen.com\/portal\/wp-json\/wp\/v2\/posts\/323936\/revisions"}],"predecessor-version":[{"id":323942,"href":"https:\/\/www.pcnen.com\/portal\/wp-json\/wp\/v2\/posts\/323936\/revisions\/323942"}],"wp:featuredmedia":[{"embeddable":true,"href":"https:\/\/www.pcnen.com\/portal\/wp-json\/wp\/v2\/media\/323937"}],"wp:attachment":[{"href":"https:\/\/www.pcnen.com\/portal\/wp-json\/wp\/v2\/media?parent=323936"}],"wp:term":[{"taxonomy":"category","embeddable":true,"href":"https:\/\/www.pcnen.com\/portal\/wp-json\/wp\/v2\/categories?post=323936"},{"taxonomy":"post_tag","embeddable":true,"href":"https:\/\/www.pcnen.com\/portal\/wp-json\/wp\/v2\/tags?post=323936"}],"curies":[{"name":"wp","href":"https:\/\/api.w.org\/{rel}","templated":true}]}}