{"id":323835,"date":"2021-07-19T20:08:27","date_gmt":"2021-07-19T18:08:27","guid":{"rendered":"https:\/\/www.pcnen.com\/portal\/?p=323835"},"modified":"2021-07-19T20:17:50","modified_gmt":"2021-07-19T18:17:50","slug":"ministarka-bratic-i-direktorka-visnjic","status":"publish","type":"post","link":"https:\/\/www.pcnen.com\/portal\/2021\/07\/19\/ministarka-bratic-i-direktorka-visnjic\/","title":{"rendered":"Ministarka Brati\u0107 i direktorka Vi\u0161nji\u0107"},"content":{"rendered":"<p>Svojevremeno, kada je tada\u0161nji premijer \u0110ukanovi\u0107 postavio Slavoljuba Miga Stijepovi\u0107a za ministra prosvjete, smatrao sam to najve\u0107im poni\u017eenjem prosvjetnih radnika, kojem \u0107e se prosvjetna zajednica, takva \u2013 kakva je, nemninovno usprotiviti. Prevario sam se, dvostruko. Prosvjetari su \u201emudro\u201c \u0107utali, dozvoliv\u0161i da im polupismen \u010dovjek bude ministar. Kao gra\u0111aninu bilo mi je neprijatno. Umjeto njih, ja sam se osje\u0107ao poni\u017een.<\/p>\n<p>Ministarka Brati\u0107 je, po meni, jo\u0161 gore rje\u0161enje za ministra prosvjete: jo\u0161 ve\u0107i pad i poni\u017eenje za prosvjetu.<\/p>\n<p>Na roditeljskom sastanku u O\u0160 \u201e21 maj\u201c gdje mi u\u010di mla\u0111i sin, u\u010diteljica nam je saop\u0161tila da moramo paziti \u0161to djeca gledaju na TV, u kakvim dru\u0161tvima se kre\u0107u, ko su im uzori \u201ejer su ve\u0107ina dana\u0161njih uzora diskutabilni i problemati\u010dni\u201c. Uzeo sam rije\u010d i rekao da smo mi nemo\u0107ni da im ukazujemo na prave uzore, ako se na televizijama svako malo pojavljuje polupismeni ministar prosvjete Stijepovi\u0107, sa onakvom retorikom kakvu ima, a da mu na pitanje djeteta ko je on, ja moram obja\u0161njavti da je on u stvari direktor direktora u\u010diteljice! Dodah, tada, da, ako \u017eelimo djeci pokazati prave uzore, onda su se prosvjetni radnici morali pobuniti protiv \u00a0namje\u0161tenja Stijepovi\u0107a za ministra: kako zbog samih prosvjetara, tako zbog djece i njihovih uzora.<\/p>\n<p>Poslije mog komentara najprije nastade muk, da bi zatim jedan \u201epametan\u201c roditelj dobacio \u201ene\u0107emo ovdje o politici\u201c!<\/p>\n<p>Tako, ispalo je da sam se ja umjesto prosvjetnih radnika bunio zbog njihovog poni\u017eenja.<\/p>\n<p>Nova vlast koju su mnogi dugo pri\u017eeljkivali &#8211; neki javno, neki tajno, u po\u010detku je stvorila nadu da \u0107e makar prekinuti sa praksom izbora najgorih za mjesto ministra prosvjete. U cilju \u201eracionalizacije\u201c nova Vlada je spojila nespojivo, \u010detiri ministarstva u jedno. Za izabranu ministarku \u010detiri spojena resora, profesorku Vesnu Brati\u0107, malo je ko do tada \u010duo i znao ne\u0161to vi\u0161e o njoj. Sjetih se da sam sa osobom tog imena i prezimena jednom kratko dopisivao preko mre\u017ee i, da nam je prepisku prekinula policija koja je do\u0161la u stan da me privede zbog ironi\u010dne objave na fejsbujku. U toj kratkoj prepisci, budu\u0107a ministarka Brati\u0107 ostavila je na mene dobar utisak. Vidio sam je kao pomalo naivnu intelektualku (\u0161to po meni nije nikakv minus), protivnicu tada aktuelnog re\u017eima, tolerantnu (!), sa pristojnom komunikacijom. Ipak, smatrao sam da nema osobe toliko sposobne da mo\u017ee valjano obna\u0161ati toliko ministarstava spojenih u jedno.<\/p>\n<p>A onda sam se prosto zaprepastio kada su mediji po\u010deli da objavljuju \u0161to je sve svojevremeno ministarka Brati\u0107 pisala, objavljivala, govorila pred kamerama. Nijesam mogao da vjerujem da je u pitanju ista osoba i da je takva osoba mogla biti izabrana da bude ministarka 4 u 1. Ta saznanja su jo\u0161 vi\u0161e uzdrmala moju ve\u0107 naru\u0161enu nadu \u2013 i ne samo moju, da \u0107e nova vlada biti Vlada svih gra\u0111ana, a ne Vlada sastavljena uglavnom od ekstremnih nacionalista i vjerskih fanatika, mahom upitno sposobnih amatera.<\/p>\n<p>Za \u0161est mjeseci rada Vlade, ministarstvo Vesne Brati\u0107 i sama ministarka u svojim rijetkim javnim nastupima izazivala je uglavnom razo\u010darenje ili ogor\u010denje u onom dijelu javnosti kojem srpski nacionalizam i vjerski fanatizam nije ideja vodilja. U sva \u010detiri resora kojim Brati\u0107 rukovodi nijesmo vidjeli nikakv rad, opipljiv rezultat, kvalitetne pomake, osim kontroverznih namje\u0161tenja, sva\u0111a i smjena u samom ministarstvu, te \u010distki, uglavnom direktora u prosvjeti. Ministarstvo kojem rukovodi &#8211; i sama ministraka Brati\u0107, su jo\u0161 vi\u0161e produbile ionako do pucanja podijeljeno dru\u0161tvo, daju\u0107i jo\u0161 vi\u0161e ubojite municije protivnicima nove vlasti i Vlade.<\/p>\n<p>U momentu kada su njena \u010dinjenja i ne\u010dinjenja iza\u0161la iz fokusa javne pa\u017enje, kada smo poslije poslednje afere sa smjenjenim ekstremistom &#8211; \u201esavjetnikom za auto \u0161kole\u201c u njenom ministarstvu po\u010deli polako navikavati i na nju, zaokupljeni drugim, ve\u0107im problemima, ministarka Brati\u0107 se potrudila da njeni potezi opet izbiju u prvi plan. Imenovanjem za VD direktorku Osnovne \u0161kole u Baru Rade Vi\u0161nji\u0107, ministarka je opalila mo\u017eda najve\u0107i \u0161amar pristojnom dijelu javnosti Crne Gore &#8211; ali i prosvjeti; Gra\u0111anskom pokretu URA, a mo\u017eda najve\u0107i premijeru koji je postavio na tu funkciju i \u010dija je miljenica (bila?).<\/p>\n<p>Rada Vi\u0161nji\u0107 je u\u010diteljica iz Bara, koja je u \u017ei\u017eu javnosti izbila poslije afere \u201e\u0161trumpfovi\u201c, kada je djeci kojoj je predavala dala zadatak da \u0161trumpfove oboje u trobojke, \u010dime se pohvalaila na dru\u0161tvenoj mre\u017ei fejsbuk. Tada\u0161nje ministarstvo prosvjete je pokrenulo disciplinski postupak protiv nje, a gospo\u0111a Vi\u0161nji\u0107 je imala veoma zanimljivu odbranu, u kojoj je, pored ostalog, istakla, da je ona uvijek bila uz DPS, uvijek glasala za njega, i da nju, za razliku od nekih drugih, nijesu trabali podsje\u0107ati da iza\u0111e na glasanje i za koga treba glasati!<\/p>\n<p>Tako je njena slava \u201esrpskog heroja i borca za srpstvo\u201c trajala svega jedan dan \u2013 do momenta kada je objavila da je u stvari uvijek bila vojnik DPS-a. Tada sam ironi\u010dno prokomentarisao taj obrt, a botovi Demokrtaskog fronta i jedna njihova poslanica u parlamentu su, br\u017ee bolje, tu, o\u010diglednu ironiju, poku\u0161ali zloupotrijebiti \u2013 ispav\u0161i smje\u0161ni, \u0161to sam opisao u tekstu <a href=\"https:\/\/www.pcnen.com\/portal\/2020\/02\/04\/budne-oce-df-ovih-vjernika\/\">https:\/\/www.pcnen.com\/portal\/2020\/02\/04\/budne-oce-df-ovih-vjernika\/<\/a><\/p>\n<p>Nedugo zatim, u\u010diteljica Vi\u0161nji\u0107 je odvela svoje u\u010denika na molitvu u Crkvu, opet zloupotrebljavaju\u0107i svoj poziv u\u010diteljice i pedagoga, u vjersko-nacionalne i politi\u010dke svrhe. Tada je dobila otkaz, ali gospo\u0111a Vi\u0161nji\u0107 i dalje nije stajala. Postala je o\u0161tar kriti\u010dar nove vlasti, posebno premijera Krivokapi\u0107a, na na\u010din koji je ispod svakog nivoa: ne prosvjetnog radnika, ve\u0107 svakog pristojnog gra\u0111anina sa elementarnom kulturom i ku\u0107nim vaspitanjem. Uglavnom su to bili neprimjereni, krajnje maliciozni, turbo-folk \u201e\u0161aljivi\u201c, vulgarni osvrti na ra\u010dun insuinacija o premijerovoj zavisnosti od alkohola i stalnog pijanstva. Vi\u0161nji\u0107ka u svakoj prilici, svojim komentarima \u00a0na dru\u0161tvenim mre\u017eama, manje ili vi\u0161e otvoreno \u0161iri nacionalizam i \u0161oviniizam, a samo par dana prije imenovanja za direktorku, zlurado i krajnje maliciozno je komentarisala saobra\u0107ajnu nesre\u0107u poslanice URA-e Suada Zoronji\u0107 u kojoj je ova zadobila lak\u0161e povrede. Takvu osobu je ministarka Brati\u0107 imenovala za direktorku Osnovne \u0161kole, u multikonfesionalnom Baru!<\/p>\n<p>Zbog svega navedenog, ministarku Brati\u0107 najzad treba odmah i bez odlaganja smjeniti, te povu\u0107i imenovanje Rade Vi\u0161nji\u0107 sa mjesta VD direktorke Osnovne \u0161kole \u201eJugoslavija\u201c u Baru. U normalnoj dr\u017eavi bi to istog momenta uradio premijer &#8211; zbog sebe, potpomognut ultimativnim zahtjevom Gra\u0111anskog pokreta URA i prosvjetnim radnicima. U nenormalnoj, kakva je Crna Gora, to \u0107e se vjerovatno desiti tek uz peticije i proteste gra\u0111ana \u2013 ako ih jo\u0161 ima.<br \/>\nUglavnom, Vesna Brati\u0107 najzad mora biti smijenjena. Ne, da ona sama podnese ostavku, ve\u0107 da bude smjenjena. Makar cijena njene smjene bio pad kompletne Vlade.<\/p>\n","protected":false},"excerpt":{"rendered":"<p>Pi\u0161e: Omer \u0160ARKI\u0106<\/p>\n","protected":false},"author":12,"featured_media":286086,"comment_status":"open","ping_status":"closed","sticky":false,"template":"","format":"standard","meta":{"_seopress_robots_primary_cat":"","_seopress_titles_title":"","_seopress_titles_desc":"","_seopress_robots_index":"","_et_pb_use_builder":"","_et_pb_old_content":"","_et_gb_content_width":"","inline_featured_image":false,"footnotes":""},"categories":[17],"tags":[],"class_list":["post-323835","post","type-post","status-publish","format-standard","has-post-thumbnail","hentry","category-blogovi"],"_links":{"self":[{"href":"https:\/\/www.pcnen.com\/portal\/wp-json\/wp\/v2\/posts\/323835","targetHints":{"allow":["GET"]}}],"collection":[{"href":"https:\/\/www.pcnen.com\/portal\/wp-json\/wp\/v2\/posts"}],"about":[{"href":"https:\/\/www.pcnen.com\/portal\/wp-json\/wp\/v2\/types\/post"}],"author":[{"embeddable":true,"href":"https:\/\/www.pcnen.com\/portal\/wp-json\/wp\/v2\/users\/12"}],"replies":[{"embeddable":true,"href":"https:\/\/www.pcnen.com\/portal\/wp-json\/wp\/v2\/comments?post=323835"}],"version-history":[{"count":5,"href":"https:\/\/www.pcnen.com\/portal\/wp-json\/wp\/v2\/posts\/323835\/revisions"}],"predecessor-version":[{"id":323840,"href":"https:\/\/www.pcnen.com\/portal\/wp-json\/wp\/v2\/posts\/323835\/revisions\/323840"}],"wp:featuredmedia":[{"embeddable":true,"href":"https:\/\/www.pcnen.com\/portal\/wp-json\/wp\/v2\/media\/286086"}],"wp:attachment":[{"href":"https:\/\/www.pcnen.com\/portal\/wp-json\/wp\/v2\/media?parent=323835"}],"wp:term":[{"taxonomy":"category","embeddable":true,"href":"https:\/\/www.pcnen.com\/portal\/wp-json\/wp\/v2\/categories?post=323835"},{"taxonomy":"post_tag","embeddable":true,"href":"https:\/\/www.pcnen.com\/portal\/wp-json\/wp\/v2\/tags?post=323835"}],"curies":[{"name":"wp","href":"https:\/\/api.w.org\/{rel}","templated":true}]}}