{"id":323832,"date":"2021-07-19T18:57:00","date_gmt":"2021-07-19T16:57:00","guid":{"rendered":"https:\/\/www.pcnen.com\/portal\/?p=323832"},"modified":"2021-07-19T21:00:29","modified_gmt":"2021-07-19T19:00:29","slug":"sastanak-parlamentarne-vecine-zavrsen-bez-dogovora","status":"publish","type":"post","link":"https:\/\/www.pcnen.com\/portal\/2021\/07\/19\/sastanak-parlamentarne-vecine-zavrsen-bez-dogovora\/","title":{"rendered":"Sastanak parlamentarne ve\u0107ine zavr\u0161en bez dogovora"},"content":{"rendered":"<p>Predstavnici parlamentarne ve\u0107ine <a href=\"https:\/\/www.pcnen.com\/portal\/2021\/07\/19\/biti-ili-ne-biti-za-vladajucu-vecinu-sta-da-se-radi\/\">nijesu ni danas, u tre\u0107em poku\u0161aju,<\/a>\u00a0 postigli dogovora o izlasku iz politi\u010dke i parlamentarne krize.<\/p>\n<p>Tre\u0107i sastanak lidera zavr\u0161en je u Skup\u0161tini Crne Gore za sat i po, a predstavnici stranaka parlamentarne ve\u0107ine su ostali podijeljeni u odnosu na budu\u0107nost aktuelne Vlade Zdravka Krivokapi\u0107a.<\/p>\n<p>Demokratski front, Socijalisti\u010dka narodna partija i predstavnik Demos-a Miodrag Leki\u0107 su za formiranje potpuno nove Vlade Crne Gore, dok su ostali politi\u010dki subjekti predvo\u0111eni Demokratskom Crnom Gorom Alekse Be\u010di\u0107a i Gra\u0111anskim pokretom URA Dritana Abazovi\u0107a za rekonstrukciju postoje\u0107e Vlade na \u010dijem bi \u010delu ostao Zdravko Krivokapi\u0107.<\/p>\n<p>Lideri stranaka parlamentarne ve\u0107ine pregovaraju o izlasku iz politi\u010dke krize od 24. juna, kada je odr\u017ean prvi sastanak.<\/p>\n<p>Demokratski front je u kratkom saop\u0161tenju naveo da ostaje pri nepromijenjenom stavu da je izbor nove Vlade i novog premijera model za razrje\u0161enje aktuelne krize, te saop\u0161tio da odgovornost za dalje doga\u0111aje preuzimaju predsjednik Skup\u0161tine i aktuelni predsjednik Vlade.<\/p>\n<p>\u201eZdravko Krivokapi\u0107 i Aleksa Be\u010di\u0107, ostav\u0161i u ubjedljivoj manjini, gr\u010devito brane\u0107i svoje fotelje i li\u010dne interese, ne prihvataju\u0107i pravila demokratije i ponu\u0111eni kompromis, preuzimaju odgovornost za sve \u0161to \u0107e se u budu\u0107nosti de\u0161avati\u201c, naveo je Demokratski front nakon sastanka i nagla\u0161avaju\u0107i da do dogovora o razrije\u0161enju parlamentarnei krize u Vladi nije do\u0161lo \u201ezbog isklju\u010divosti Krivokapi\u0107a i Be\u010di\u0107a\u201c.<\/p>\n<p>Potvr\u0111uju\u0107i da u\u010desnici sastanka nisu postigli dogovor o razrje\u0161enju politi\u010dke krize, Goran Danilovi\u0107 predsjednik Ujedinjene Crne Gore je rekao da bi bilateralne razgovore trebalo da obave najve\u0107i politi\u010dki subjekti i poku\u0161aju da prona\u0111u dogovor.<\/p>\n<p>Milo\u0161 Konatar iz Gra\u0111anskog pokreta URA je ponovio da je protiv ru\u0161enja Vlade Zdravka Krivokapi\u0107a, te uputio nezadovoljne partnere iz vlasti da mogu u Skup\u0161tini da uskrate povjerenje Vladi.<\/p>\n<p>Na sastanak su do\u0161li Andrija Mandi\u0107 (NOVA), Milan Kne\u017eevi\u0107 (DNP), Branko Radulovi\u0107 (PZP), Vladimir Jokovi\u0107 (SNP), Aleksa Be\u010di\u0107 i Boris Bogdanovi\u0107 (Demokrate), Milo\u0161 Konatar i Zoran Miki\u0107 (URA), Goran Danilovi\u0107 (UCG), Miodrag Leki\u0107 (Demos), Maksim Vu\u010dini\u0107 (Radni\u010dka partija), Marko Mila\u010di\u0107 (Prava Crna Gora) i Zoran Miljani\u0107 (CIVIS).<\/p>\n","protected":false},"excerpt":{"rendered":"<p>Izvjesno je da su svi  nezadoviljni radom vlade<\/p>\n","protected":false},"author":1,"featured_media":306187,"comment_status":"open","ping_status":"closed","sticky":false,"template":"","format":"standard","meta":{"_seopress_robots_primary_cat":"","_seopress_titles_title":"","_seopress_titles_desc":"","_seopress_robots_index":"","_et_pb_use_builder":"","_et_pb_old_content":"","_et_gb_content_width":"","inline_featured_image":false,"footnotes":""},"categories":[14],"tags":[],"class_list":["post-323832","post","type-post","status-publish","format-standard","has-post-thumbnail","hentry","category-vijesti"],"_links":{"self":[{"href":"https:\/\/www.pcnen.com\/portal\/wp-json\/wp\/v2\/posts\/323832","targetHints":{"allow":["GET"]}}],"collection":[{"href":"https:\/\/www.pcnen.com\/portal\/wp-json\/wp\/v2\/posts"}],"about":[{"href":"https:\/\/www.pcnen.com\/portal\/wp-json\/wp\/v2\/types\/post"}],"author":[{"embeddable":true,"href":"https:\/\/www.pcnen.com\/portal\/wp-json\/wp\/v2\/users\/1"}],"replies":[{"embeddable":true,"href":"https:\/\/www.pcnen.com\/portal\/wp-json\/wp\/v2\/comments?post=323832"}],"version-history":[{"count":5,"href":"https:\/\/www.pcnen.com\/portal\/wp-json\/wp\/v2\/posts\/323832\/revisions"}],"predecessor-version":[{"id":323848,"href":"https:\/\/www.pcnen.com\/portal\/wp-json\/wp\/v2\/posts\/323832\/revisions\/323848"}],"wp:featuredmedia":[{"embeddable":true,"href":"https:\/\/www.pcnen.com\/portal\/wp-json\/wp\/v2\/media\/306187"}],"wp:attachment":[{"href":"https:\/\/www.pcnen.com\/portal\/wp-json\/wp\/v2\/media?parent=323832"}],"wp:term":[{"taxonomy":"category","embeddable":true,"href":"https:\/\/www.pcnen.com\/portal\/wp-json\/wp\/v2\/categories?post=323832"},{"taxonomy":"post_tag","embeddable":true,"href":"https:\/\/www.pcnen.com\/portal\/wp-json\/wp\/v2\/tags?post=323832"}],"curies":[{"name":"wp","href":"https:\/\/api.w.org\/{rel}","templated":true}]}}