{"id":323559,"date":"2021-07-15T15:25:56","date_gmt":"2021-07-15T13:25:56","guid":{"rendered":"https:\/\/www.pcnen.com\/portal\/?p=323559"},"modified":"2021-07-15T17:28:57","modified_gmt":"2021-07-15T15:28:57","slug":"novinar-u-slobodno-vrijeme-moze-na-protest-pred-minobacace-ili-bagere","status":"publish","type":"post","link":"https:\/\/www.pcnen.com\/portal\/2021\/07\/15\/novinar-u-slobodno-vrijeme-moze-na-protest-pred-minobacace-ili-bagere\/","title":{"rendered":"Novinar u slobodno vrijeme mo\u017ee na protest, pred minobaca\u010de ili bagere"},"content":{"rendered":"<blockquote><p><strong>Gdje ti vidi\u0161 granicu izme\u0111u novinarstva i aktivizma? <\/strong><\/p><\/blockquote>\n<p>Ne mogu re\u0107i da sebe do\u017eivljavam kao aktivistu, vi\u0161e volim re\u0107i da sam savjesni gra\u0111anin, \u010dovjek koji voli svaki kamen ove zemlje, a posebno onaj moj na Sinjajevini. Volim da ka\u017eem kako sam na Sinjajevini bio i prije nego \u0161to sam ro\u0111en, budu\u0107i da je moja majka dane u trudno\u0107i provodila na toj planini. Moja Julka i moja Sinjajevina su me odgajale, ja sam na toj planini \u00a0proveo najljep\u0161e dane \u017eivota. Istini za volju, bilo je i onih, manje lijepih dana, ali nikada nijesam zaboravio odakle sam i gdje je moje porijeklo. Na Sinjajevini sam prvi put \u010ditao novine, istina, sa malo zaka\u0161njenja, jer je kod nas dnevna \u0161tampa malo kasnila, ali bio sam informisan. Bilo mi je \u010dudno \u0161to nas nikad nema u tim izvje\u0161tajima, pa sam odlu\u010dio za\u0161to ne bih bio ja taj koji \u0107e nas pomenuti. To se desilo, ali u jednom momentu, osim novinarske pri\u010de, treba i ona druga, koja se sad naziva aktivisti\u010dka.<\/p>\n<p>Nema mnogo razlika izme\u0111u aktivizma i novinarstva, naravno, ako ih radite kako treba, a to je u javnom interesu. Obje profesije i insistiraju na istini, pravdi i pravi\u010dnosti, podudaraju se. Aktivizam nije poremetio moju novinarsku objektivnost, jer ja ne pi\u0161em o temama koje se ti\u010du mog aktivisti\u010dkog rada. Novinarstvo je moj posao, aktivizam gra\u0111anska du\u017enost i obaveza. Oboje daju smisao \u017eivljenja, a to je, istina, pravda i zdravo \u017eivotno okru\u017eenje, to je trojstvo bez kojeg \u017eivota nema.<\/p>\n<p><img loading=\"lazy\" decoding=\"async\" class=\"aligncenter size-full wp-image-323420\" src=\"https:\/\/www.pcnen.com\/portal\/wp-content\/uploads\/2021\/07\/sacuvajmo-sinjajevinu-e1626112359934.jpg\" alt=\"\" width=\"640\" height=\"426\" \/><\/p>\n<blockquote><p><strong>Za\u0161to si odlu\u010dio da pokrene\u0161 gra\u0111ane i Sinjajevinu odbrani\u0161 u ulozi aktiviste? Je li to bio dobar izbor<\/strong>?<\/p><\/blockquote>\n<p>Zato \u0161to je to bio jedini na\u010din. Ja sam, prije ulaska u aktivnost te vrste, poku\u0161ao da navedem druge organizacije, ve\u0107 afirmisane, da preuzmu to pitanje. Me\u0111utim, postojala je zainteresovanost da se pomogne, ali ne i da se to pitanje stavi kao prioritetno. Zato sam dobio savjete, podr\u0161ku i logistiku prijatelja iz NVO sektora i krenuo u pri\u010du sa grupom sjajnih ljudi, prije svega mje\u0161tana, istinskih zaljubljenika u Sinjajevinu. Ne\u0107u ih sve nabrajati jer sigurno \u0107u nekog presko\u010diti, ali oni su \u010desto razlog da kad pomislim da je mo\u017eda sve besmisleno, da samo jedan pogled na njih, jedna njihova rije\u010d me vrate i ka\u017eem &#8211; idemo dalje. Samo \u0107u re\u0107i da je Gara Jovanovi\u0107 sada 12. jula na \u0161takama do\u0161la na Savine vode na Sinjajevinski katunski zbor. Da li iko od nas ima pravo da odustane kad imamo takvog borca pored nas, da nas ohrabri, podr\u017ei i savjetuje kako se treba boriti za svaki pedalj ove planine.<\/p>\n<p>Odbrana Sinjajevine je misija i vizija GI Sa\u010duvajmo Sinjajevinu, a samim tim i moja kao jednog od osniva\u010da. Odbraniti Sinjajevinu je du\u017enost svih nas gra\u0111ana Crne Gore, a ja moram biti tu sa mojim katunjanima, sto\u010darima, prijateljima, borcima, prvi na liniji fronta jer je to moja i na\u0161a ku\u0107a, a ako se mi ne borimo za na\u0161u ku\u0107u, ne mo\u017eemo o\u010dekivati ni da nam je drugi odbrane.<strong>\u00a0<\/strong><\/p>\n<p><img loading=\"lazy\" decoding=\"async\" class=\"aligncenter size-full wp-image-305496\" src=\"https:\/\/www.pcnen.com\/portal\/wp-content\/uploads\/2020\/10\/noc-sinjajevina.jpg\" alt=\"\" width=\"640\" height=\"416\" srcset=\"https:\/\/www.pcnen.com\/portal\/wp-content\/uploads\/2020\/10\/noc-sinjajevina.jpg 640w, https:\/\/www.pcnen.com\/portal\/wp-content\/uploads\/2020\/10\/noc-sinjajevina-300x195.jpg 300w, https:\/\/www.pcnen.com\/portal\/wp-content\/uploads\/2020\/10\/noc-sinjajevina-580x377.jpg 580w, https:\/\/www.pcnen.com\/portal\/wp-content\/uploads\/2020\/10\/noc-sinjajevina-285x184.jpg 285w\" sizes=\"(max-width: 640px) 100vw, 640px\" \/><\/p>\n<blockquote><p><strong>Akcija odbrane Sinjajevine je bila, donekle, uspje\u0161na. Da li se zbog toga kaje\u0161 \u0161to si nekim temama pristupio novinarski znaju\u0107i da si kao aktivista mogao vi\u0161e da doprinese\u0161?<\/strong><\/p><\/blockquote>\n<p>Odbrana Sinjajevine nije jo\u0161 uvijek zavr\u0161ena, odluka o vojnom poligonu je jo\u0161 na snazi. Zato smo jako razo\u010darani \u0161to nova Vlada ni poslije du\u017ee od sedam mjeseci to pitanje nije rije\u0161ila. Zato smo sa Sinjajevinskog katunskog zbora imali dvije poruke, a to je:<\/p>\n<ol>\n<li>ukidanje odluke Vlade Crne Gore o uspostavljanju vojnog poligona na planini Sinjajevini;<\/li>\n<li>progla\u0161enje Sinjajevine za za\u0161ti\u0107eno podru\u010dje u \u010dijem \u0107e upravljanju aktivno paricipirati lokalne sto\u010darske zajednice.<\/li>\n<\/ol>\n<p>Kada je u pitanju Sinjajevina, ja nisam pisao tekstove na tu temu. Jednostavno, ispo\u0161tovao sam eti\u010dki kodeks i povukao se iz onoga gdje sam li\u010dno uklju\u010den. Za neke stvari sam mogao vi\u0161e doprinijeti kao novinar, ali ovaj put sam odlu\u010dio da budem akter a ne posmatra\u010d.\u00a0 Ta planina je moj dom, tako da je te\u0161ko ostati imun na svaki poku\u0161aj povre\u0111ivanja i uzurpacije onoga \u0161to nazivate dom! To je onaj trenutak kada ka\u017ee\u0161 &#8211; ne dam da to uradi\u0161, nema\u0161 pravo da ru\u0161i\u0161 moju ku\u0107u, da bombarduje\u0161 moje djetinjstvo, da mene li\u010dno, moje katunjane i sto\u010dare, i na\u0161u domovinu uskrati\u0161 za jedno bogatstvo kao \u0161to je Sinjajevina. Mi ne znamo vrijednost Sinjajevine, nijesmo spoznali njene potencijale, koji su, siguran sam, nemjerljivi sa stanovi\u0161ta planinskog turizma i poljoprivrede.<\/p>\n<p>Imali smo kamp na Sinjajevini, a u sklopu njega likovnu koloniju. Umjetnici koji su do\u0161li su bili odu\u0161evljeni. To su mladi umjetnici, a Sinjajevina je bila njihova inspiracija. Sinjajevina je bogatstvo koje mo\u017ee sve da vam pru\u017ei, koja ima potencijal za sve, osim za jedno, a to je, da bude vojni poligon. Ona to nije bila i ne\u0107e nikada biti. Ova pitoma planina, sa svojim izvorima i jezerima, pa\u0161njacima i \u0161umama, kr\u0161om i proplancima, koji vjekovima prkose vremenu, siguran sam da \u0107e odoljeti i ovom izazovu. I, kao \u0161to je svojstveno planini, iza\u0107i kao pobjednik, jer, sve su na\u0161e planine vojnici, a svaki vojnik treba da bude jak i \u010dvrst kao planina.<\/p>\n<p><img loading=\"lazy\" decoding=\"async\" class=\"aligncenter size-full wp-image-323561\" src=\"https:\/\/www.pcnen.com\/portal\/wp-content\/uploads\/2021\/07\/Milan-Sekulovic-Sinjajevina.jpeg\" alt=\"\" width=\"600\" height=\"413\" srcset=\"https:\/\/www.pcnen.com\/portal\/wp-content\/uploads\/2021\/07\/Milan-Sekulovic-Sinjajevina.jpeg 600w, https:\/\/www.pcnen.com\/portal\/wp-content\/uploads\/2021\/07\/Milan-Sekulovic-Sinjajevina-300x207.jpeg 300w, https:\/\/www.pcnen.com\/portal\/wp-content\/uploads\/2021\/07\/Milan-Sekulovic-Sinjajevina-580x399.jpeg 580w\" sizes=\"(max-width: 600px) 100vw, 600px\" \/><\/p>\n<blockquote><p><strong>Kako drugi ljudi u redakciji, urednici, novinari, gledaju na tvoj aktivizam?<\/strong><\/p><\/blockquote>\n<p>Jako dobro, kolege razumiju, urednici tako\u0111e. Li\u010dno, ponosan sam na moje kolege i zahvalan na razumijevanju. Svi znaju da sam ja sa te planine i nekako je logi\u010dno da podr\u017eavaju da branim svoju ku\u0107u. Moje kolege su i sami vje\u010diti borci za pravo i pravdu, svi su novinari, na neki na\u010din, aktivisti, jer mislim da niko kao novinar nije svjestan svojih gra\u0111anskih prava i obaveza, kao i osjetljiv na uzurpaciju istih. Sledstveno tome, svaki kamen na\u0161e domovine nam je drag, neki malo dra\u017ei, a moj najdra\u017ei kamen je Sinjajevina. Ali, to ne zna\u010di da ne treba da progovorim i na nepravde koje se de\u0161avaju drugima. Aktivizam nije stvar izbora, to je postala du\u017enost. Na\u0161a domovina se mora \u010duvati, a najte\u017ee je, mislim, \u010duvati i o\u010duvati je od nas samih.<\/p>\n<blockquote><p><strong>Zna se da od aktivizma ne mo\u017ee da se \u017eivi. No, kada bi morao da odabere\u0161 izme\u0111u novinarskog posla i gra\u0111anskog aktivizma, \u0161ta bi prevagnulo? I zbog \u010dega?<\/strong><\/p><\/blockquote>\n<p>Mislim i vjerujem da ne\u0107u morati da biram. Od aktivizma se ne \u017eivi, ali se za to \u017eivi, kada na umu ima\u0161 human i pravi\u010dan podvig. Zli jezici, polaze\u0107i od sebe u svom zavidnom, sujetnom i materijalisti\u010dki uramljenom mentalnom sklopu, misle da je u pozadini novac. Svi koji misle da su materijalne, a ne patriotske i lokalpatriotske vrijednosti u opticaju, pozivam da nam se pridru\u017ee, da vide kako je kad se sastavljaju pare za gorivo, da se kupi hrana, da prespavaju pod vedrim nebom, da spavaju u \u0161atoru i u pola no\u0107i im na planinu prokisne ki\u0161a u \u0161ator, da legnu pred bager koji mo\u017ee da vas zgazi kao mrava, da vam se pi\u0161u kazne ni za \u0161ta, da vas mrko gledaju jer ste nekom tajkunu pomrsili konce, da vas nazivaju dr\u017eavnim neprijateljima dok se borite da spasite bogatstvo zajedni\u010dke nam domovine, da se razbolite na terenu, da se povrijedite, itd. Mogao bih da govorim jo\u0161 mnogo, jer ono \u0161to aktivisti do\u017eive i pre\u017eive na terenu, hejteri na Fejsbuku i Tviteru ne\u0107e nikad do\u017eivjeti u svojoj fotelji i pred ekranom. \u017divot je, ipak, vani, \u017eivot se brani u prirodi, a ne statusom na dru\u0161tvenim mre\u017eama.<\/p>\n<p><img loading=\"lazy\" decoding=\"async\" class=\"aligncenter size-full wp-image-305557\" src=\"https:\/\/www.pcnen.com\/portal\/wp-content\/uploads\/2020\/10\/dritan-sinjajevina.jpg\" alt=\"\" width=\"640\" height=\"370\" srcset=\"https:\/\/www.pcnen.com\/portal\/wp-content\/uploads\/2020\/10\/dritan-sinjajevina.jpg 640w, https:\/\/www.pcnen.com\/portal\/wp-content\/uploads\/2020\/10\/dritan-sinjajevina-300x173.jpg 300w, https:\/\/www.pcnen.com\/portal\/wp-content\/uploads\/2020\/10\/dritan-sinjajevina-580x335.jpg 580w\" sizes=\"(max-width: 640px) 100vw, 640px\" \/><\/p>\n<blockquote><p><strong>\u0160ta bi poru\u010dio onima koji ka\u017eu da se aktivizam i novinarstvo ne smiju mije\u0161ati?<\/strong><\/p><\/blockquote>\n<p>Da shvate da novinari nisu roboti nego ljudi od krvi i mesa. Da kao i svi imaju slobodu volje i odlu\u010divanja. Novinar, u slobodno vrijeme mo\u017ee da odgledao film ili pro\u010dita knjigu, neki od nas odu na protest ili stanu pred minobaca\u010de ili bagere. Mi novinari smo, ina\u010de, uvijek na prvoj liniji svih de\u0161avanja u dru\u0161tvu.<\/p>\n<p>Obi\u010dno kad dobijem prigovor kako novinar i aktivista, odgovorim pitanje da li izlazite na izbore, da li glasate? Jer ako ba\u0161 ho\u0107emo da idemo u detalje, pitanje je da li bi novinar smio da ima mi\u0161ljenje i o \u010demu ako bi im zabranili da se bore za javni interes i kroz aktivizam. Du\u017enost novinara je da brani istinu i pravdu, da se bori za ljudska prava i ekologiju, da se bori za za\u0161titu \u010dovjeka i njegovog \u017eivotnog okru\u017eenja. Naravno, sve kroz istinu.<\/p>\n<p>Istina, ja ne mije\u0161am moj aktivisti\u010dki rad sa novinarstvom, jer ne pi\u0161em o Sinjajevini za koju se borim. Ali zato sam uvijek tu da kolegama pru\u017eim sve informacije koje imam.<\/p>\n<p><strong>Razgovarala: Marija PE\u0160I\u0106 <\/strong><\/p>\n","protected":false},"excerpt":{"rendered":"<p>Milan Sekulovi\u0107, novinar Dana, jedan je od pokreta\u010da gra\u0111anske inicijative za o\u010duvanje Sinjajevine\/Sinjavine, odnosno protiv izgradnje vojnog poligona na toj planini. Milan je zajedno sa drugim aktivistima, sto\u010darima, katunjanima i mje\u0161tanima no\u0107ima stra\u017eario na temperaturi ispod nule, radio na podizanju svijesti gra\u0111ana o zna\u010daju Sinjajevine i prirodnih blaga Crne Gore.<\/p>\n","protected":false},"author":1,"featured_media":323560,"comment_status":"open","ping_status":"closed","sticky":false,"template":"","format":"standard","meta":{"_seopress_robots_primary_cat":"","_seopress_titles_title":"","_seopress_titles_desc":"","_seopress_robots_index":"","_et_pb_use_builder":"","_et_pb_old_content":"","_et_gb_content_width":"","inline_featured_image":false,"footnotes":""},"categories":[4,12],"tags":[],"class_list":["post-323559","post","type-post","status-publish","format-standard","has-post-thumbnail","hentry","category-intervjui","category-prica-dana"],"_links":{"self":[{"href":"https:\/\/www.pcnen.com\/portal\/wp-json\/wp\/v2\/posts\/323559","targetHints":{"allow":["GET"]}}],"collection":[{"href":"https:\/\/www.pcnen.com\/portal\/wp-json\/wp\/v2\/posts"}],"about":[{"href":"https:\/\/www.pcnen.com\/portal\/wp-json\/wp\/v2\/types\/post"}],"author":[{"embeddable":true,"href":"https:\/\/www.pcnen.com\/portal\/wp-json\/wp\/v2\/users\/1"}],"replies":[{"embeddable":true,"href":"https:\/\/www.pcnen.com\/portal\/wp-json\/wp\/v2\/comments?post=323559"}],"version-history":[{"count":6,"href":"https:\/\/www.pcnen.com\/portal\/wp-json\/wp\/v2\/posts\/323559\/revisions"}],"predecessor-version":[{"id":323567,"href":"https:\/\/www.pcnen.com\/portal\/wp-json\/wp\/v2\/posts\/323559\/revisions\/323567"}],"wp:featuredmedia":[{"embeddable":true,"href":"https:\/\/www.pcnen.com\/portal\/wp-json\/wp\/v2\/media\/323560"}],"wp:attachment":[{"href":"https:\/\/www.pcnen.com\/portal\/wp-json\/wp\/v2\/media?parent=323559"}],"wp:term":[{"taxonomy":"category","embeddable":true,"href":"https:\/\/www.pcnen.com\/portal\/wp-json\/wp\/v2\/categories?post=323559"},{"taxonomy":"post_tag","embeddable":true,"href":"https:\/\/www.pcnen.com\/portal\/wp-json\/wp\/v2\/tags?post=323559"}],"curies":[{"name":"wp","href":"https:\/\/api.w.org\/{rel}","templated":true}]}}