{"id":32319,"date":"2009-10-28T09:55:31","date_gmt":"2009-10-28T09:55:31","guid":{"rendered":"http:\/\/www.pcnen.com\/portal\/?p=32319"},"modified":"2009-10-28T09:55:31","modified_gmt":"2009-10-28T09:55:31","slug":"logorasi-rs-tuzice-sekija-radoncica","status":"publish","type":"post","link":"https:\/\/www.pcnen.com\/portal\/2009\/10\/28\/logorasi-rs-tuzice-sekija-radoncica\/","title":{"rendered":"Logora\u0161i RS tu\u017ei\u0107e \u0160ekija Radon\u010di\u0107a"},"content":{"rendered":"<p>Savez logora&scaron;a Republike Srpske je najavio da \u0107e tu\u017eiti novinara i publicistu iz Crne Gore &Scaron;ekija Radon\u010di\u0107a zbog izno&scaron;enja neistina o broju poginulih u ratu u BiH na BHT, gdje je rekao da je brutalno ubijeno 100.000 Bo&scaron;njaka &scaron;irom Bosne, prenose b\/h mediji.<\/p>\n<p>Logora&scaron;i iz RS isti\u010du da Radon\u010di\u0107evi navodi nijesu ta\u010dni, jer je, prema statisti\u010dkim podacima, u cijeloj BiH poginulo manje od 100.000 pripadnika svih naroda.<\/p>\n<p>Radon\u010di\u0107 je rekao u ponedjeljak uve\u010de, gostuju\u0107i u programu BHT, da se &quot;u Hagu sudi i Radovanu Karad\u017ei\u0107u i RS za brutalna ubistva 100.000 Bo&scaron;njaka &scaron;irom Bosne&quot;.<\/p>\n","protected":false},"excerpt":{"rendered":"<p>Savez logora&scaron;a Republike Srpske je najavio da \u0107e tu\u017eiti novinara i publicistu iz Crne Gore &Scaron;ekija Radon\u010di\u0107a zbog izno&scaron;enja neistina o broju poginulih u ratu u BiH na BHT, gdje je rekao da je brutalno ubijeno 100.000 Bo&scaron;njaka &scaron;irom Bosne, prenose b\/h mediji. Logora&scaron;i iz RS isti\u010du da Radon\u010di\u0107evi navodi nijesu ta\u010dni, jer je, prema [&hellip;]<\/p>\n","protected":false},"author":1,"featured_media":0,"comment_status":"open","ping_status":"closed","sticky":false,"template":"","format":"standard","meta":{"_seopress_robots_primary_cat":"","_seopress_titles_title":"","_seopress_titles_desc":"","_seopress_robots_index":"","_et_pb_use_builder":"","_et_pb_old_content":"","_et_gb_content_width":"","inline_featured_image":false,"footnotes":""},"categories":[14],"tags":[],"class_list":["post-32319","post","type-post","status-publish","format-standard","hentry","category-vijesti"],"_links":{"self":[{"href":"https:\/\/www.pcnen.com\/portal\/wp-json\/wp\/v2\/posts\/32319","targetHints":{"allow":["GET"]}}],"collection":[{"href":"https:\/\/www.pcnen.com\/portal\/wp-json\/wp\/v2\/posts"}],"about":[{"href":"https:\/\/www.pcnen.com\/portal\/wp-json\/wp\/v2\/types\/post"}],"author":[{"embeddable":true,"href":"https:\/\/www.pcnen.com\/portal\/wp-json\/wp\/v2\/users\/1"}],"replies":[{"embeddable":true,"href":"https:\/\/www.pcnen.com\/portal\/wp-json\/wp\/v2\/comments?post=32319"}],"version-history":[{"count":0,"href":"https:\/\/www.pcnen.com\/portal\/wp-json\/wp\/v2\/posts\/32319\/revisions"}],"wp:attachment":[{"href":"https:\/\/www.pcnen.com\/portal\/wp-json\/wp\/v2\/media?parent=32319"}],"wp:term":[{"taxonomy":"category","embeddable":true,"href":"https:\/\/www.pcnen.com\/portal\/wp-json\/wp\/v2\/categories?post=32319"},{"taxonomy":"post_tag","embeddable":true,"href":"https:\/\/www.pcnen.com\/portal\/wp-json\/wp\/v2\/tags?post=32319"}],"curies":[{"name":"wp","href":"https:\/\/api.w.org\/{rel}","templated":true}]}}