{"id":32318,"date":"2009-10-28T09:31:22","date_gmt":"2009-10-28T09:31:22","guid":{"rendered":"http:\/\/www.pcnen.com\/portal\/?p=32318"},"modified":"2009-10-28T09:31:22","modified_gmt":"2009-10-28T09:31:22","slug":"pritvoren-vlasnik-listova-kurir-i-glas-javnosti","status":"publish","type":"post","link":"https:\/\/www.pcnen.com\/portal\/2009\/10\/28\/pritvoren-vlasnik-listova-kurir-i-glas-javnosti\/","title":{"rendered":"Pritvoren vlasnik listova &#8216;Kurir&#8217; i &#8216;Glas javnosti&#8217;"},"content":{"rendered":"<p>Radislav Rodi\u0107, vlasnik listova <em>Kurir<\/em> i <em>Glas javnosti<\/em> priveden je sino\u0107 u policiju, gdje mu je tokom saslu&scaron;anja&nbsp;pozlilo, pa je preba\u010den u bolnicu. <\/p>\n<p>Rodi\u0107 je priveden po nalogu Okru\u017enog tu\u017eila&scaron;tva u Beogradu i odre\u0111en mu je 48-satni prtvor, ali za sada jo&scaron; nisu poznati razlozi njegovog privo\u0111enja.<\/p>\n<p>Prvo op&scaron;tinsko javno tu\u017eila&scaron;tvo u Beogradu ranije je podnijelo zahtjev za sprovo\u0111enje istrage protiv Rodi\u0107a zbog postojanja osnovane sumnje da je izvr&scaron;io krivi\u010dno djelo poreske utaje, \u010dime je o&scaron;tetio dr\u017eavu za vi&scaron;e od 203 miliona dinara.&quot;Privo\u0111enje pokreta\u010da najtira\u017enijih novina u Srbiji nastavak je obra\u010duna jednog ministra i jedne stranke s nezavisnim novinama, a tiranija kojoj su ve\u0107 mesecima izlo\u017eeni novinari i urednici <em>Kurira<\/em> nastavljena je najdrasti\u010dnijim merama. <\/p>\n<p>Privo\u0111enje Rodi\u0107a jo&scaron; jedan je dokaz da u obra\u010dunu s neposlu&scaron;nim medijima ova vlast ne preza ni od \u010dega&quot;, navodi se u saop&scaron;tenju koje je objavljeno na prvoj strani on line izdanja <a href=\"http:\/\/www.pcnen.com\/Radislav%20Rodi\u0107,%20vlasnik%20listova%20Kurir%20i%20Glas%20javnosti%20priveden%20je%20na%20informativni%20razgovor,%20potvr\u0111eno%20je%20za%20B92%20u%20MUP%20Srbije.\"><em>Kurira<\/em>.<\/a><\/p>\n<p>&quot;U jakoj konkurenciji medijskih manipulatora u Srbiji, vlasnik <em>Kurira<\/em>, <em>Glasa javnosti<\/em>, nekoliko preduze\u0107a i jedne \u017eivopisne kafane mo\u017eda ba&scaron; i nije apsolutni &scaron;ampion, kako mu se \u010dini, ali gromada, svakako, jeste: nesumnjiv je bio njegov uticaj (preko <em>Kurira<\/em>) u ru&scaron;enju bar jedne vlade (Zorana \u017divkovi\u0107a) i lansiranju brojnih afera kojima je uticano na stav javnosti o njihovim \u017ertvama&quot;, <a href=\"http:\/\/www.vreme.com\/cms\/view.php?id=873609\">pisao je u julu<\/a> nedjeljnik <em>Vreme<\/em> o liku i djelu Raje Rodi\u0107a.<\/p>\n","protected":false},"excerpt":{"rendered":"<p>Radislav Rodi\u0107, vlasnik listova Kurir i Glas javnosti priveden je sino\u0107 u policiju, gdje mu je tokom saslu&scaron;anja&nbsp;pozlilo, pa je preba\u010den u bolnicu. Rodi\u0107 je priveden po nalogu Okru\u017enog tu\u017eila&scaron;tva u Beogradu i odre\u0111en mu je 48-satni prtvor, ali za sada jo&scaron; nisu poznati razlozi njegovog privo\u0111enja. Prvo op&scaron;tinsko javno tu\u017eila&scaron;tvo u Beogradu ranije je [&hellip;]<\/p>\n","protected":false},"author":1,"featured_media":0,"comment_status":"open","ping_status":"closed","sticky":false,"template":"","format":"standard","meta":{"_seopress_robots_primary_cat":"","_seopress_titles_title":"","_seopress_titles_desc":"","_seopress_robots_index":"","_et_pb_use_builder":"","_et_pb_old_content":"","_et_gb_content_width":"","inline_featured_image":false,"footnotes":""},"categories":[14],"tags":[],"class_list":["post-32318","post","type-post","status-publish","format-standard","hentry","category-vijesti"],"_links":{"self":[{"href":"https:\/\/www.pcnen.com\/portal\/wp-json\/wp\/v2\/posts\/32318","targetHints":{"allow":["GET"]}}],"collection":[{"href":"https:\/\/www.pcnen.com\/portal\/wp-json\/wp\/v2\/posts"}],"about":[{"href":"https:\/\/www.pcnen.com\/portal\/wp-json\/wp\/v2\/types\/post"}],"author":[{"embeddable":true,"href":"https:\/\/www.pcnen.com\/portal\/wp-json\/wp\/v2\/users\/1"}],"replies":[{"embeddable":true,"href":"https:\/\/www.pcnen.com\/portal\/wp-json\/wp\/v2\/comments?post=32318"}],"version-history":[{"count":0,"href":"https:\/\/www.pcnen.com\/portal\/wp-json\/wp\/v2\/posts\/32318\/revisions"}],"wp:attachment":[{"href":"https:\/\/www.pcnen.com\/portal\/wp-json\/wp\/v2\/media?parent=32318"}],"wp:term":[{"taxonomy":"category","embeddable":true,"href":"https:\/\/www.pcnen.com\/portal\/wp-json\/wp\/v2\/categories?post=32318"},{"taxonomy":"post_tag","embeddable":true,"href":"https:\/\/www.pcnen.com\/portal\/wp-json\/wp\/v2\/tags?post=32318"}],"curies":[{"name":"wp","href":"https:\/\/api.w.org\/{rel}","templated":true}]}}