{"id":32317,"date":"2009-10-28T09:21:37","date_gmt":"2009-10-28T09:21:37","guid":{"rendered":"http:\/\/www.pcnen.com\/portal\/?p=32317"},"modified":"2009-10-28T09:21:37","modified_gmt":"2009-10-28T09:21:37","slug":"kuznjecov-eu-sansa-i-za-kap","status":"publish","type":"post","link":"https:\/\/www.pcnen.com\/portal\/2009\/10\/28\/kuznjecov-eu-sansa-i-za-kap\/","title":{"rendered":"Kuznjecov: EU \u0161ansa i za KAP"},"content":{"rendered":"<p>Ulazak Crne Gore u Evropsku uniju je &scaron;ansa i izazov za Kombinat aluminijuma Podgorica, jer je usko povezan sa unaprje\u0111enjem standarda i konkurentnosti na tr\u017ei&scaron;tu, ocijenio je \u010dlan boarda direktora Andrej Kuznjecov, prenosi portal <em><a href=\"http:\/\/www.seebiz.eu\/cg\/kompanije\/infrastruktura\/kuznjecov-ulazak-crne-gore-u-eu-sansa-je-za-kap,59651.html\">SEEbiz<\/a><\/em> vijest agencije <em>Mina business.<\/em><\/p>\n<p>On je tokom susreta sa delegacijom Evropskog parlamenta, koja boravi u Crnoj Gori, objasnio da to zna\u010di i utemeljenje dugoro\u010dne perspektive za Kombinat.<\/p>\n","protected":false},"excerpt":{"rendered":"<p>Ulazak Crne Gore u Evropsku uniju je &scaron;ansa i izazov za Kombinat aluminijuma Podgorica, jer je usko povezan sa unaprje\u0111enjem standarda i konkurentnosti na tr\u017ei&scaron;tu, ocijenio je \u010dlan boarda direktora Andrej Kuznjecov, prenosi portal SEEbiz vijest agencije Mina business. On je tokom susreta sa delegacijom Evropskog parlamenta, koja boravi u Crnoj Gori, objasnio da to [&hellip;]<\/p>\n","protected":false},"author":1,"featured_media":0,"comment_status":"open","ping_status":"closed","sticky":false,"template":"","format":"standard","meta":{"_seopress_robots_primary_cat":"","_seopress_titles_title":"","_seopress_titles_desc":"","_seopress_robots_index":"","_et_pb_use_builder":"","_et_pb_old_content":"","_et_gb_content_width":"","inline_featured_image":false,"footnotes":""},"categories":[14],"tags":[],"class_list":["post-32317","post","type-post","status-publish","format-standard","hentry","category-vijesti"],"_links":{"self":[{"href":"https:\/\/www.pcnen.com\/portal\/wp-json\/wp\/v2\/posts\/32317","targetHints":{"allow":["GET"]}}],"collection":[{"href":"https:\/\/www.pcnen.com\/portal\/wp-json\/wp\/v2\/posts"}],"about":[{"href":"https:\/\/www.pcnen.com\/portal\/wp-json\/wp\/v2\/types\/post"}],"author":[{"embeddable":true,"href":"https:\/\/www.pcnen.com\/portal\/wp-json\/wp\/v2\/users\/1"}],"replies":[{"embeddable":true,"href":"https:\/\/www.pcnen.com\/portal\/wp-json\/wp\/v2\/comments?post=32317"}],"version-history":[{"count":0,"href":"https:\/\/www.pcnen.com\/portal\/wp-json\/wp\/v2\/posts\/32317\/revisions"}],"wp:attachment":[{"href":"https:\/\/www.pcnen.com\/portal\/wp-json\/wp\/v2\/media?parent=32317"}],"wp:term":[{"taxonomy":"category","embeddable":true,"href":"https:\/\/www.pcnen.com\/portal\/wp-json\/wp\/v2\/categories?post=32317"},{"taxonomy":"post_tag","embeddable":true,"href":"https:\/\/www.pcnen.com\/portal\/wp-json\/wp\/v2\/tags?post=32317"}],"curies":[{"name":"wp","href":"https:\/\/api.w.org\/{rel}","templated":true}]}}