{"id":32316,"date":"2009-10-27T22:51:34","date_gmt":"2009-10-27T22:51:34","guid":{"rendered":"http:\/\/www.pcnen.com\/portal\/?p=32316"},"modified":"2009-10-27T22:51:34","modified_gmt":"2009-10-27T22:51:34","slug":"pozar-u-bolnici-dragisa-misovic-podmetnut","status":"publish","type":"post","link":"https:\/\/www.pcnen.com\/portal\/2009\/10\/27\/pozar-u-bolnici-dragisa-misovic-podmetnut\/","title":{"rendered":"Po\u017ear u bolnici &#8216;Dragi\u0161a Mi\u0161ovi\u0107&#8217; podmetnut?"},"content":{"rendered":"<p>Policija sumnja da je po\u017ear, u kome je izgorio dio beogradske bolnice <em>Dragi&scaron;a Mi&scaron;ovi\u0107<\/em>, podmetnut i da je povezan sa hap&scaron;enjem nekoliko biv&scaron;ih direktora bolnica, javlja<em> <a href=\"http:\/\/www.pressonline.rs\/sr\/vesti\/vesti_dana\/story\/84678\/Ekskluzivno+otkrivamo%3A+Podmetnut+po%C5%BEar+u+bolnici%21.html\">Press<\/a><\/em> u on line izdanju.<\/p>\n<p>&quot;U najmanju ruku je \u010dudno da je po\u017ear u <em>Mi&scaron;ovi\u0107u<\/em> izbio samo dva dana po&scaron;to su pro&scaron;log \u010detvrtka zbog nenamenskog tro&scaron;enja novca za renoviranje bolnica uhap&scaron;eni biv&scaron;i direktori KBC Be\u017eanijska kosa, Zvezdara, bolnice <em>Sveti Sava<\/em> i Doma zdravlja Palilula. I kako to da po\u017ear izbije ba&scaron; na tom, sre\u0111enom spratu, na kome nije bilo ni ljudi ni opreme?! Ima tu osnova za veliku sumnju i zato mi sada proveravamo kako je ra\u0111ena ta rekonstrukcija bolnice, po kojim cenama, da li su i ovde naduvavane fakture, kao i u bolnicama \u010diji su direktori uhap&scaron;eni&quot;, kazao je neimenovani izvor <em>Pressa<\/em> iz istrage. <\/p>\n<p>On ne isklju\u010duje mogu\u0107nost da je, mo\u017eda, &quot;nekome palo na pamet&quot; da, poslije hap&scaron;enja ljekara, po\u017earom prikrije eventualne nepravilnosti i kod rekonstrukcije ove bolnice.<\/p>\n","protected":false},"excerpt":{"rendered":"<p>Policija sumnja da je po\u017ear, u kome je izgorio dio beogradske bolnice Dragi&scaron;a Mi&scaron;ovi\u0107, podmetnut i da je povezan sa hap&scaron;enjem nekoliko biv&scaron;ih direktora bolnica, javlja Press u on line izdanju. &quot;U najmanju ruku je \u010dudno da je po\u017ear u Mi&scaron;ovi\u0107u izbio samo dva dana po&scaron;to su pro&scaron;log \u010detvrtka zbog nenamenskog tro&scaron;enja novca za renoviranje [&hellip;]<\/p>\n","protected":false},"author":1,"featured_media":0,"comment_status":"open","ping_status":"closed","sticky":false,"template":"","format":"standard","meta":{"_seopress_robots_primary_cat":"","_seopress_titles_title":"","_seopress_titles_desc":"","_seopress_robots_index":"","_et_pb_use_builder":"","_et_pb_old_content":"","_et_gb_content_width":"","inline_featured_image":false,"footnotes":""},"categories":[14],"tags":[],"class_list":["post-32316","post","type-post","status-publish","format-standard","hentry","category-vijesti"],"_links":{"self":[{"href":"https:\/\/www.pcnen.com\/portal\/wp-json\/wp\/v2\/posts\/32316","targetHints":{"allow":["GET"]}}],"collection":[{"href":"https:\/\/www.pcnen.com\/portal\/wp-json\/wp\/v2\/posts"}],"about":[{"href":"https:\/\/www.pcnen.com\/portal\/wp-json\/wp\/v2\/types\/post"}],"author":[{"embeddable":true,"href":"https:\/\/www.pcnen.com\/portal\/wp-json\/wp\/v2\/users\/1"}],"replies":[{"embeddable":true,"href":"https:\/\/www.pcnen.com\/portal\/wp-json\/wp\/v2\/comments?post=32316"}],"version-history":[{"count":0,"href":"https:\/\/www.pcnen.com\/portal\/wp-json\/wp\/v2\/posts\/32316\/revisions"}],"wp:attachment":[{"href":"https:\/\/www.pcnen.com\/portal\/wp-json\/wp\/v2\/media?parent=32316"}],"wp:term":[{"taxonomy":"category","embeddable":true,"href":"https:\/\/www.pcnen.com\/portal\/wp-json\/wp\/v2\/categories?post=32316"},{"taxonomy":"post_tag","embeddable":true,"href":"https:\/\/www.pcnen.com\/portal\/wp-json\/wp\/v2\/tags?post=32316"}],"curies":[{"name":"wp","href":"https:\/\/api.w.org\/{rel}","templated":true}]}}