{"id":32314,"date":"2009-10-27T19:51:21","date_gmt":"2009-10-27T19:51:21","guid":{"rendered":"http:\/\/www.pcnen.com\/portal\/?p=32314"},"modified":"2009-10-27T19:51:21","modified_gmt":"2009-10-27T19:51:21","slug":"otkaz-za-cetvoro-novinara-hrt","status":"publish","type":"post","link":"https:\/\/www.pcnen.com\/portal\/2009\/10\/27\/otkaz-za-cetvoro-novinara-hrt\/","title":{"rendered":"Otkaz za \u010detvoro novinara HRT"},"content":{"rendered":"<p>Sindikat novinara Hrvtske radio-televizije je danas od pravne slu\u017ebe javne televizije dobio zahtjev da se novinarima Maji Sever, Leli Kne\u017eevi\u0107, Sanji Mikleu&scaron;evi\u0107 Pavi\u0107 i Robertu Zuberu uru\u010di vanredni otkaz zbog izjave koju su dali <em>Indexu, <\/em><a href=\"http:\/\/www.index.hr\/vijesti\/clanak\/skandal-vanja-sutlic-smjestio-izvanredni-otkaz-novinarima-hrta-zbog-izjave-koju-su-dali-indexu\/457187.aspx\">javlja taj portal<\/a><em>.<\/em><\/p>\n<p>Njih \u010detvoro je otkrilo da je direktor HRT Vanja Sutli\u0107 nazvao novinarku HRT Ivanu Dragi\u010devi\u0107 Veli\u010dkovi\u0107 &quot;\u010detni\u010dkom kurvetinom&quot;.<\/p>\n","protected":false},"excerpt":{"rendered":"<p>Sindikat novinara Hrvtske radio-televizije je danas od pravne slu\u017ebe javne televizije dobio zahtjev da se novinarima Maji Sever, Leli Kne\u017eevi\u0107, Sanji Mikleu&scaron;evi\u0107 Pavi\u0107 i Robertu Zuberu uru\u010di vanredni otkaz zbog izjave koju su dali Indexu, javlja taj portal. Njih \u010detvoro je otkrilo da je direktor HRT Vanja Sutli\u0107 nazvao novinarku HRT Ivanu Dragi\u010devi\u0107 Veli\u010dkovi\u0107 &quot;\u010detni\u010dkom [&hellip;]<\/p>\n","protected":false},"author":1,"featured_media":0,"comment_status":"open","ping_status":"closed","sticky":false,"template":"","format":"standard","meta":{"_seopress_robots_primary_cat":"","_seopress_titles_title":"","_seopress_titles_desc":"","_seopress_robots_index":"","_et_pb_use_builder":"","_et_pb_old_content":"","_et_gb_content_width":"","inline_featured_image":false,"footnotes":""},"categories":[14],"tags":[],"class_list":["post-32314","post","type-post","status-publish","format-standard","hentry","category-vijesti"],"_links":{"self":[{"href":"https:\/\/www.pcnen.com\/portal\/wp-json\/wp\/v2\/posts\/32314","targetHints":{"allow":["GET"]}}],"collection":[{"href":"https:\/\/www.pcnen.com\/portal\/wp-json\/wp\/v2\/posts"}],"about":[{"href":"https:\/\/www.pcnen.com\/portal\/wp-json\/wp\/v2\/types\/post"}],"author":[{"embeddable":true,"href":"https:\/\/www.pcnen.com\/portal\/wp-json\/wp\/v2\/users\/1"}],"replies":[{"embeddable":true,"href":"https:\/\/www.pcnen.com\/portal\/wp-json\/wp\/v2\/comments?post=32314"}],"version-history":[{"count":0,"href":"https:\/\/www.pcnen.com\/portal\/wp-json\/wp\/v2\/posts\/32314\/revisions"}],"wp:attachment":[{"href":"https:\/\/www.pcnen.com\/portal\/wp-json\/wp\/v2\/media?parent=32314"}],"wp:term":[{"taxonomy":"category","embeddable":true,"href":"https:\/\/www.pcnen.com\/portal\/wp-json\/wp\/v2\/categories?post=32314"},{"taxonomy":"post_tag","embeddable":true,"href":"https:\/\/www.pcnen.com\/portal\/wp-json\/wp\/v2\/tags?post=32314"}],"curies":[{"name":"wp","href":"https:\/\/api.w.org\/{rel}","templated":true}]}}