{"id":32313,"date":"2009-10-27T19:37:12","date_gmt":"2009-10-27T19:37:12","guid":{"rendered":"http:\/\/www.pcnen.com\/portal\/?p=32313"},"modified":"2009-10-27T19:37:12","modified_gmt":"2009-10-27T19:37:12","slug":"nema-jos-istrage-o-prodaji-akcija-manjinskih-dionicara-epcg","status":"publish","type":"post","link":"https:\/\/www.pcnen.com\/portal\/2009\/10\/27\/nema-jos-istrage-o-prodaji-akcija-manjinskih-dionicara-epcg\/","title":{"rendered":"Nema jo\u0161 istrage o prodaji akcija manjinskih dioni\u010dara EPCG"},"content":{"rendered":"<p>Vrhovno dr\u017eavno tu\u017eila&scaron;tvo je negiralo informaciju Udru\u017eenja manjinskih akcionara Elektroprivrede Crne Gore (EPCG) da je Odjeljenje za suzbijanje organizovanog kriminala pokrenulo istragu o prodaji akcija manjinskih dioni\u010dara protiv odgovornih u italijanskoj kompaniji A2A i brokerskoj ku\u0107i <em>Monte Adria<\/em>, prenosi ProTV. <\/p>\n<p>Tu\u017eila&scaron;tvo je navelo da krivi\u010dna prijava Udru\u017eenja nije pru\u017eala osnov za odluku o istrazi, pa su od nadle\u017enog organa Komisije za hartije od vrijednosti tra\u017eili da im dostavi podatke, &scaron;to je ona i u\u010dinila. Ti podaci se sada prou\u010davaju, poru\u010deno je iz Tu\u017eila&scaron;tva. <\/p>\n<p>Udru\u017eenje manjinskih akcionara je podnijelo krivi\u010dnu prijavu protiv <em>Monte Adria<\/em> broker-dilera iz Podgorice i njegovog nalogodavca A2A zbog uzurpacije i poku&scaron;aja reketiranja manjinskih akcionara EPCG. <\/p>\n<p>Kompanija A2A je nedavno postala vlasnik oko 43,7 odsto akcija EPCG.<\/p>\n","protected":false},"excerpt":{"rendered":"<p>Vrhovno dr\u017eavno tu\u017eila&scaron;tvo je negiralo informaciju Udru\u017eenja manjinskih akcionara Elektroprivrede Crne Gore (EPCG) da je Odjeljenje za suzbijanje organizovanog kriminala pokrenulo istragu o prodaji akcija manjinskih dioni\u010dara protiv odgovornih u italijanskoj kompaniji A2A i brokerskoj ku\u0107i Monte Adria, prenosi ProTV. Tu\u017eila&scaron;tvo je navelo da krivi\u010dna prijava Udru\u017eenja nije pru\u017eala osnov za odluku o istrazi, pa [&hellip;]<\/p>\n","protected":false},"author":1,"featured_media":0,"comment_status":"open","ping_status":"closed","sticky":false,"template":"","format":"standard","meta":{"_seopress_robots_primary_cat":"","_seopress_titles_title":"","_seopress_titles_desc":"","_seopress_robots_index":"","_et_pb_use_builder":"","_et_pb_old_content":"","_et_gb_content_width":"","inline_featured_image":false,"footnotes":""},"categories":[14],"tags":[],"class_list":["post-32313","post","type-post","status-publish","format-standard","hentry","category-vijesti"],"_links":{"self":[{"href":"https:\/\/www.pcnen.com\/portal\/wp-json\/wp\/v2\/posts\/32313","targetHints":{"allow":["GET"]}}],"collection":[{"href":"https:\/\/www.pcnen.com\/portal\/wp-json\/wp\/v2\/posts"}],"about":[{"href":"https:\/\/www.pcnen.com\/portal\/wp-json\/wp\/v2\/types\/post"}],"author":[{"embeddable":true,"href":"https:\/\/www.pcnen.com\/portal\/wp-json\/wp\/v2\/users\/1"}],"replies":[{"embeddable":true,"href":"https:\/\/www.pcnen.com\/portal\/wp-json\/wp\/v2\/comments?post=32313"}],"version-history":[{"count":0,"href":"https:\/\/www.pcnen.com\/portal\/wp-json\/wp\/v2\/posts\/32313\/revisions"}],"wp:attachment":[{"href":"https:\/\/www.pcnen.com\/portal\/wp-json\/wp\/v2\/media?parent=32313"}],"wp:term":[{"taxonomy":"category","embeddable":true,"href":"https:\/\/www.pcnen.com\/portal\/wp-json\/wp\/v2\/categories?post=32313"},{"taxonomy":"post_tag","embeddable":true,"href":"https:\/\/www.pcnen.com\/portal\/wp-json\/wp\/v2\/tags?post=32313"}],"curies":[{"name":"wp","href":"https:\/\/api.w.org\/{rel}","templated":true}]}}