{"id":32310,"date":"2009-10-27T15:59:38","date_gmt":"2009-10-27T15:59:38","guid":{"rendered":"http:\/\/www.pcnen.com\/portal\/?p=32310"},"modified":"2009-10-27T15:59:38","modified_gmt":"2009-10-27T15:59:38","slug":"zbog-biljane-komsic-otkazao-put-u-svedsku","status":"publish","type":"post","link":"https:\/\/www.pcnen.com\/portal\/2009\/10\/27\/zbog-biljane-komsic-otkazao-put-u-svedsku\/","title":{"rendered":"Zbog Biljane, Kom\u0161i\u0107 otkazao put u \u0160vedsku"},"content":{"rendered":"<p>Predsjedavaju\u0107i Predsjedni&scaron;tva BiH \u017deljko Kom&scaron;i\u0107 otkazao je posjetu &Scaron;vedskoj zbog odluke &scaron;vedske vlade da Biljana Plav&scaron;i\u0107 bude prijevremeno pu&scaron;tena na slobodu, prenosi <em>Beta<\/em>.<\/p>\n<p>Kom&scaron;i\u0107eva posjeta bila je planirana za po\u010detak novembra. &quot;Posebno se ima u vidu da je &scaron;vedska vlada to htjela u\u010diniti, a ne da je bila prisiljena&quot;, saop&scaron;tio je danas Kom&scaron;i\u0107. <\/p>\n<p>Prema zakonu, rekao je, osloba\u0111anje zatvorenika nakon izdr\u017eane dvije tre\u0107ine kazne se &quot;ne podrazumijeva, ve\u0107 postoji samo kao mogu\u0107nost&quot;. <\/p>\n<p>&quot;Posebno je neprihvatljivo i kompromituju\u0107e za &scaron;vedsku vladu pona&scaron;anje njenog ministra spoljnih poslova Karla Bilta koji je bio svjedok odbrane na su\u0111enju Biljani Plav&scaron;i\u0107, te je posje\u0107ivao u zatvoru da bi na kraju u\u010destvovao u dono&scaron;enju ove odluke &scaron;vedske vlade&quot;, navodi Kom&scaron;i\u0107 u saop&scaron;tenju. <\/p>\n<p>On podsje\u0107a da je jo&scaron; u septembru pro&scaron;le godine uputio pismo predsjedniku parlamenta i premijeru &Scaron;vedske u kojem je zatra\u017eio od &scaron;vedskih vlasti da ne odobre prijevremeno pu&scaron;tanje Plav&scaron;i\u0107eve iz zatvora. <\/p>\n<p>Kom&scaron;i\u0107 je tada naveo da bi &quot;bila velika gre&scaron;ka bilo kakav akt milosr\u0111a prema osobi koja je, kao \u010dlan naju\u017eeg ratnog rukovodstva bosanskih Srba, osu\u0111ena za najgore zlo\u010dine po\u010dinjene protiv \u010dovje\u010dnosti, te u\u010destvovala u planiranju, kreiranju i sprovo\u0111enju progona i uni&scaron;tenja Bo&scaron;njaka, Hrvata i drugog nesrpskog stanovni&scaron;tva u BiH&quot;. <\/p>\n","protected":false},"excerpt":{"rendered":"<p>Predsjedavaju\u0107i Predsjedni&scaron;tva BiH \u017deljko Kom&scaron;i\u0107 otkazao je posjetu &Scaron;vedskoj zbog odluke &scaron;vedske vlade da Biljana Plav&scaron;i\u0107 bude prijevremeno pu&scaron;tena na slobodu, prenosi Beta. Kom&scaron;i\u0107eva posjeta bila je planirana za po\u010detak novembra. &quot;Posebno se ima u vidu da je &scaron;vedska vlada to htjela u\u010diniti, a ne da je bila prisiljena&quot;, saop&scaron;tio je danas Kom&scaron;i\u0107. Prema zakonu, [&hellip;]<\/p>\n","protected":false},"author":1,"featured_media":0,"comment_status":"open","ping_status":"closed","sticky":false,"template":"","format":"standard","meta":{"_seopress_robots_primary_cat":"","_seopress_titles_title":"","_seopress_titles_desc":"","_seopress_robots_index":"","_et_pb_use_builder":"","_et_pb_old_content":"","_et_gb_content_width":"","inline_featured_image":false,"footnotes":""},"categories":[14],"tags":[],"class_list":["post-32310","post","type-post","status-publish","format-standard","hentry","category-vijesti"],"_links":{"self":[{"href":"https:\/\/www.pcnen.com\/portal\/wp-json\/wp\/v2\/posts\/32310","targetHints":{"allow":["GET"]}}],"collection":[{"href":"https:\/\/www.pcnen.com\/portal\/wp-json\/wp\/v2\/posts"}],"about":[{"href":"https:\/\/www.pcnen.com\/portal\/wp-json\/wp\/v2\/types\/post"}],"author":[{"embeddable":true,"href":"https:\/\/www.pcnen.com\/portal\/wp-json\/wp\/v2\/users\/1"}],"replies":[{"embeddable":true,"href":"https:\/\/www.pcnen.com\/portal\/wp-json\/wp\/v2\/comments?post=32310"}],"version-history":[{"count":0,"href":"https:\/\/www.pcnen.com\/portal\/wp-json\/wp\/v2\/posts\/32310\/revisions"}],"wp:attachment":[{"href":"https:\/\/www.pcnen.com\/portal\/wp-json\/wp\/v2\/media?parent=32310"}],"wp:term":[{"taxonomy":"category","embeddable":true,"href":"https:\/\/www.pcnen.com\/portal\/wp-json\/wp\/v2\/categories?post=32310"},{"taxonomy":"post_tag","embeddable":true,"href":"https:\/\/www.pcnen.com\/portal\/wp-json\/wp\/v2\/tags?post=32310"}],"curies":[{"name":"wp","href":"https:\/\/api.w.org\/{rel}","templated":true}]}}