{"id":32309,"date":"2009-10-27T14:57:00","date_gmt":"2009-10-27T14:57:00","guid":{"rendered":"http:\/\/www.pcnen.com\/portal\/?p=32309"},"modified":"2009-10-27T14:57:00","modified_gmt":"2009-10-27T14:57:00","slug":"biljana-plavsic-stigla-u-beograd","status":"publish","type":"post","link":"https:\/\/www.pcnen.com\/portal\/2009\/10\/27\/biljana-plavsic-stigla-u-beograd\/","title":{"rendered":"Biljana Plav\u0161i\u0107 stigla u Beograd"},"content":{"rendered":"<p>Biv&scaron;a predsjednica Republike Srpske Biljana Plav&scaron;i\u0107 je doputovala danas oko 14 \u010dasova u Beograd avionom Vlade Republike Srpske iz &Scaron;vedske, gdje je odslu\u017eila kaznu za ratne zlo\u010dine po\u010dinjene u BiH, javlja agencija <em>Beta.<\/em><\/p>\n<p>\u010clan Odbora za podr&scaron;ku Biljani Plav&scaron;i\u0107 Svetozar Mihajlovi\u0107 je rekao novinarima da je obavije&scaron;ten da je ona doputovala i da je napustila aerodrom. <\/p>\n<p>Plav&scaron;i\u0107 nije iza&scaron;la ni na glavni izlaz ni na VIP izlaz, pa novinari pretpostavljaju da je automobil do\u010dekao na pisti.<\/p>\n","protected":false},"excerpt":{"rendered":"<p>Biv&scaron;a predsjednica Republike Srpske Biljana Plav&scaron;i\u0107 je doputovala danas oko 14 \u010dasova u Beograd avionom Vlade Republike Srpske iz &Scaron;vedske, gdje je odslu\u017eila kaznu za ratne zlo\u010dine po\u010dinjene u BiH, javlja agencija Beta. \u010clan Odbora za podr&scaron;ku Biljani Plav&scaron;i\u0107 Svetozar Mihajlovi\u0107 je rekao novinarima da je obavije&scaron;ten da je ona doputovala i da je napustila [&hellip;]<\/p>\n","protected":false},"author":1,"featured_media":0,"comment_status":"open","ping_status":"closed","sticky":false,"template":"","format":"standard","meta":{"_seopress_robots_primary_cat":"","_seopress_titles_title":"","_seopress_titles_desc":"","_seopress_robots_index":"","_et_pb_use_builder":"","_et_pb_old_content":"","_et_gb_content_width":"","inline_featured_image":false,"footnotes":""},"categories":[14],"tags":[],"class_list":["post-32309","post","type-post","status-publish","format-standard","hentry","category-vijesti"],"_links":{"self":[{"href":"https:\/\/www.pcnen.com\/portal\/wp-json\/wp\/v2\/posts\/32309","targetHints":{"allow":["GET"]}}],"collection":[{"href":"https:\/\/www.pcnen.com\/portal\/wp-json\/wp\/v2\/posts"}],"about":[{"href":"https:\/\/www.pcnen.com\/portal\/wp-json\/wp\/v2\/types\/post"}],"author":[{"embeddable":true,"href":"https:\/\/www.pcnen.com\/portal\/wp-json\/wp\/v2\/users\/1"}],"replies":[{"embeddable":true,"href":"https:\/\/www.pcnen.com\/portal\/wp-json\/wp\/v2\/comments?post=32309"}],"version-history":[{"count":0,"href":"https:\/\/www.pcnen.com\/portal\/wp-json\/wp\/v2\/posts\/32309\/revisions"}],"wp:attachment":[{"href":"https:\/\/www.pcnen.com\/portal\/wp-json\/wp\/v2\/media?parent=32309"}],"wp:term":[{"taxonomy":"category","embeddable":true,"href":"https:\/\/www.pcnen.com\/portal\/wp-json\/wp\/v2\/categories?post=32309"},{"taxonomy":"post_tag","embeddable":true,"href":"https:\/\/www.pcnen.com\/portal\/wp-json\/wp\/v2\/tags?post=32309"}],"curies":[{"name":"wp","href":"https:\/\/api.w.org\/{rel}","templated":true}]}}