{"id":32308,"date":"2009-10-27T18:25:03","date_gmt":"2009-10-27T18:25:03","guid":{"rendered":"http:\/\/www.pcnen.com\/portal\/?p=32308"},"modified":"2009-10-27T18:25:03","modified_gmt":"2009-10-27T18:25:03","slug":"dukanovic-nijesam-se-pozivao-na-imunitet-i-nijesam-optuzen","status":"publish","type":"post","link":"https:\/\/www.pcnen.com\/portal\/2009\/10\/27\/dukanovic-nijesam-se-pozivao-na-imunitet-i-nijesam-optuzen\/","title":{"rendered":"\u0110ukanovi\u0107: Nijesam se pozivao na imunitet i nijesam optu\u017een"},"content":{"rendered":"<p>&quot;Protiv mene se ne vodi nikakav postupak u Bariju i nijesam se pozvao na imunitet. Za&scaron;to je bilo pogodno dr\u017eavnom tu\u017eiocu u Bariju da poslije toliko godina neovla&scaron;\u0107enog vo\u0111enja istrage i saznanja da za to nema nikakvog osnova saop&scaron;ti kako se, navodno, zbog imuniteta odustaje od istrage, treba njega pitati, i pita\u0107u ga ja u postupku koji \u0107u pokrenuti u cilju za&scaron;tite mog digniteta i naplate prava koja mi po tom osnovu sleduje, kazao je \u0110ukanovi\u0107.<\/p>\n<p>On je pozvao poslanika Pokreta za promjene Neboj&scaron;u Medojevi\u0107a da prestane vi&scaron;e &scaron;iriti u javnosti takve neistine.<\/p>\n<p>Prema ranije objavljenim informacijama, \u0110ukanovi\u0107 se nije pozvao na imunitet, ve\u0107 mu imunitet pripada po osnovu du\u017enosti koju obavlja u svojoj zemlji.<\/p>\n<p>&quot;Tu\u017eioci su kancelariji istra\u017enog sudije u glavnom gradu Pulje poslali zahtjev za arhiviranje, usled nedostatka pravne osnove za procesuiranje, po&scaron;to \u0110ukanovi\u0107 u\u017eiva diplomatski imunitet predvi\u0111en za &scaron;efove dr\u017eava, vlada i ministre inostranih poslova suverenih dr\u017eava&quot;, javila je italijanska agencija ANSA.<\/p>\n<p>Advokat crnogorskog premijera Mila \u0110ukanovi\u0107a Enriko Tu\u0107ilo je ocijenio da njegov branjenik &quot;izlazi kao dvostruki pobjednik&quot; iz postupka pred italijanskim pravosu\u0111em.<\/p>\n<p>&quot;S jedne strane, zahtjev tu\u017eilaca iz Barija je priznanje da je Crna Gora suverena dr\u017eava i u skladu sa tim da su njeni predstavnici van jurisdikcije drugih dr\u017eava. Druga pobjeda je da je \u0110ukanovi\u0107 i pored toga, &scaron;to je imao imunitet, svojevoljno \u017eelio da se na\u0111e pred italijanskim tu\u017eiocima da bi li\u010dno razjasnio tu delikatnu situaciju&quot;, rekao je Tu\u0107ilo. <\/p>\n<p>\u0110ukanovi\u0107 je pro&scaron;le godine, na li\u010dni zahtjev, svjedo\u010dio pred pravosudnim organima Italije, u okviru dugogodi&scaron;nje istrage koja se u toj zemlji vodila protiv njega.<\/p>\n","protected":false},"excerpt":{"rendered":"<p>Crnogorski premijer Milo \u0110ukanovi\u0107 je ponovio danas, tokom premijerskog sata u parlamentu, da se nije pozivao na imunitet pred italijanskim pravosu\u0111em, niti da je protiv njega u susjednoj dr\u017eavi podignuta optu\u017enica zbog krijum\u010darenja cigareta.<\/p>\n","protected":false},"author":1,"featured_media":0,"comment_status":"open","ping_status":"closed","sticky":false,"template":"","format":"standard","meta":{"_seopress_robots_primary_cat":"","_seopress_titles_title":"","_seopress_titles_desc":"","_seopress_robots_index":"","_et_pb_use_builder":"","_et_pb_old_content":"","_et_gb_content_width":"","inline_featured_image":false,"footnotes":""},"categories":[14],"tags":[],"class_list":["post-32308","post","type-post","status-publish","format-standard","hentry","category-vijesti"],"_links":{"self":[{"href":"https:\/\/www.pcnen.com\/portal\/wp-json\/wp\/v2\/posts\/32308","targetHints":{"allow":["GET"]}}],"collection":[{"href":"https:\/\/www.pcnen.com\/portal\/wp-json\/wp\/v2\/posts"}],"about":[{"href":"https:\/\/www.pcnen.com\/portal\/wp-json\/wp\/v2\/types\/post"}],"author":[{"embeddable":true,"href":"https:\/\/www.pcnen.com\/portal\/wp-json\/wp\/v2\/users\/1"}],"replies":[{"embeddable":true,"href":"https:\/\/www.pcnen.com\/portal\/wp-json\/wp\/v2\/comments?post=32308"}],"version-history":[{"count":0,"href":"https:\/\/www.pcnen.com\/portal\/wp-json\/wp\/v2\/posts\/32308\/revisions"}],"wp:attachment":[{"href":"https:\/\/www.pcnen.com\/portal\/wp-json\/wp\/v2\/media?parent=32308"}],"wp:term":[{"taxonomy":"category","embeddable":true,"href":"https:\/\/www.pcnen.com\/portal\/wp-json\/wp\/v2\/categories?post=32308"},{"taxonomy":"post_tag","embeddable":true,"href":"https:\/\/www.pcnen.com\/portal\/wp-json\/wp\/v2\/tags?post=32308"}],"curies":[{"name":"wp","href":"https:\/\/api.w.org\/{rel}","templated":true}]}}