{"id":32307,"date":"2009-10-27T14:07:54","date_gmt":"2009-10-27T14:07:54","guid":{"rendered":"http:\/\/www.pcnen.com\/portal\/?p=32307"},"modified":"2009-10-27T14:07:54","modified_gmt":"2009-10-27T14:07:54","slug":"i-danas-okupljanje-ispred-haskog-tribunala","status":"publish","type":"post","link":"https:\/\/www.pcnen.com\/portal\/2009\/10\/27\/i-danas-okupljanje-ispred-haskog-tribunala\/","title":{"rendered":"I danas okupljanje ispred Ha\u0161kog tribunala"},"content":{"rendered":"<p>Predstavnice Udru\u017eenja &quot;Pokret majki enklava Srebrenica i \u017depa&quot; i danas su se, kao i ju\u010de, zajedno s predstavnicima jo&scaron; dvadesetak udru\u017eenja i nevladinih organizacija iz BiH okupile ispred Ha&scaron;kog tribunala u kojem je za 14.15 sati zakazano su\u0111enje Radovanu Karad\u017ei\u0107u. <\/p>\n<p>Predsjednica Udru\u017eenja &quot;Pokret majki enklava Srebrenica i \u017depa&quot; Munira Suba&scaron;i\u0107 je kazala <em>Feni<\/em> da \u0107e \u017ertve biti ispred zgrade Tribunala s transparentima, a jedan dio \u0107e u\u0107i u sudnicu.<\/p>\n<p>&quot;Vidje\u0107emo da li \u0107e se zlo\u010dinac pojaviti, iako imamo saznanja da ne\u0107e. Ju\u010de smo imali sastanak s glavnim tu\u017eiocem Sergeom Bramertcom. Rekao nam je ako se on danas ne pojavi onda \u0107e Sudsko vije\u0107e da mu imenuje advokata i su\u0111enje \u0107e po\u010deti i bez njega&quot;, kazala je Suba&scaron;i\u0107.<\/p>\n<p>Ona isti\u010de da je ju\u010de poruka Karad\u017ei\u0107u bila da je &quot;pro&scaron;lo vrijeme kad je on ubijao na&scaron;u djecu, kad je on komandovao na&scaron;im \u017eivotima&quot;. <\/p>\n<p>&quot;Ipak, on je u Sheveningenu, a mi majke smo ponosno do&scaron;le da protestujemo, da dignemo svoj glas, da ka\u017eemo svijetu i Evropi da smo jo&scaron; tu, da \u010dekamo istinu i tra\u017eimo pravdu&quot;, kazala je Suba&scaron;i\u0107. <\/p>\n","protected":false},"excerpt":{"rendered":"<p>Predstavnice Udru\u017eenja &quot;Pokret majki enklava Srebrenica i \u017depa&quot; i danas su se, kao i ju\u010de, zajedno s predstavnicima jo&scaron; dvadesetak udru\u017eenja i nevladinih organizacija iz BiH okupile ispred Ha&scaron;kog tribunala u kojem je za 14.15 sati zakazano su\u0111enje Radovanu Karad\u017ei\u0107u. Predsjednica Udru\u017eenja &quot;Pokret majki enklava Srebrenica i \u017depa&quot; Munira Suba&scaron;i\u0107 je kazala Feni da \u0107e [&hellip;]<\/p>\n","protected":false},"author":1,"featured_media":0,"comment_status":"open","ping_status":"closed","sticky":false,"template":"","format":"standard","meta":{"_seopress_robots_primary_cat":"","_seopress_titles_title":"","_seopress_titles_desc":"","_seopress_robots_index":"","_et_pb_use_builder":"","_et_pb_old_content":"","_et_gb_content_width":"","inline_featured_image":false,"footnotes":""},"categories":[14],"tags":[],"class_list":["post-32307","post","type-post","status-publish","format-standard","hentry","category-vijesti"],"_links":{"self":[{"href":"https:\/\/www.pcnen.com\/portal\/wp-json\/wp\/v2\/posts\/32307","targetHints":{"allow":["GET"]}}],"collection":[{"href":"https:\/\/www.pcnen.com\/portal\/wp-json\/wp\/v2\/posts"}],"about":[{"href":"https:\/\/www.pcnen.com\/portal\/wp-json\/wp\/v2\/types\/post"}],"author":[{"embeddable":true,"href":"https:\/\/www.pcnen.com\/portal\/wp-json\/wp\/v2\/users\/1"}],"replies":[{"embeddable":true,"href":"https:\/\/www.pcnen.com\/portal\/wp-json\/wp\/v2\/comments?post=32307"}],"version-history":[{"count":0,"href":"https:\/\/www.pcnen.com\/portal\/wp-json\/wp\/v2\/posts\/32307\/revisions"}],"wp:attachment":[{"href":"https:\/\/www.pcnen.com\/portal\/wp-json\/wp\/v2\/media?parent=32307"}],"wp:term":[{"taxonomy":"category","embeddable":true,"href":"https:\/\/www.pcnen.com\/portal\/wp-json\/wp\/v2\/categories?post=32307"},{"taxonomy":"post_tag","embeddable":true,"href":"https:\/\/www.pcnen.com\/portal\/wp-json\/wp\/v2\/tags?post=32307"}],"curies":[{"name":"wp","href":"https:\/\/api.w.org\/{rel}","templated":true}]}}