{"id":32306,"date":"2009-10-27T14:00:18","date_gmt":"2009-10-27T14:00:18","guid":{"rendered":"http:\/\/www.pcnen.com\/portal\/?p=32306"},"modified":"2009-10-27T14:00:18","modified_gmt":"2009-10-27T14:00:18","slug":"zatvorenici-u-zenici-zasili-usta-zbog-biljane-plavsic","status":"publish","type":"post","link":"https:\/\/www.pcnen.com\/portal\/2009\/10\/27\/zatvorenici-u-zenici-zasili-usta-zbog-biljane-plavsic\/","title":{"rendered":"Zatvorenici u Zenici za\u0161ili usta zbog Biljane Plav\u0161i\u0107"},"content":{"rendered":"<p>Uprava Kazneno-popravnog zavoda Zenica &#8211; zatvorenog tipa, potvrdila je jutros da je ju\u010de u poslijepodnevnim satima, ve\u0107a grupa osu\u0111enih osoba u znak protesta &quot;za&scaron;ila usta&quot;. <\/p>\n<p>&quot;Prema prvim informacijama zahtjevi se upu\u0107uju prema nadle\u017enim institucijama za pomilovanje, uvjetni otpust, te zbog poo&scaron;trenih mjera izvanzavodskih pogodnosti&quot;, saop&scaron;teno je iz uprave KPZ Zenica. <\/p>\n<p>Kako prenosi portal <em>bitno.ba<\/em>, iz uprave je saop&scaron;teno da je neposredan povod za ovakav potez osu\u0111enika i prijevremeno pu&scaron;tanje na slobodu Biljane Plav&scaron;i\u0107 koja je amnestirana za jednu tre\u0107inu kazne, a osobama koje protestuju ta se prava du\u017ei niz godina uskra\u0107uju.<\/p>\n","protected":false},"excerpt":{"rendered":"<p>Uprava Kazneno-popravnog zavoda Zenica &#8211; zatvorenog tipa, potvrdila je jutros da je ju\u010de u poslijepodnevnim satima, ve\u0107a grupa osu\u0111enih osoba u znak protesta &quot;za&scaron;ila usta&quot;. &quot;Prema prvim informacijama zahtjevi se upu\u0107uju prema nadle\u017enim institucijama za pomilovanje, uvjetni otpust, te zbog poo&scaron;trenih mjera izvanzavodskih pogodnosti&quot;, saop&scaron;teno je iz uprave KPZ Zenica. Kako prenosi portal bitno.ba, iz [&hellip;]<\/p>\n","protected":false},"author":1,"featured_media":0,"comment_status":"open","ping_status":"closed","sticky":false,"template":"","format":"standard","meta":{"_seopress_robots_primary_cat":"","_seopress_titles_title":"","_seopress_titles_desc":"","_seopress_robots_index":"","_et_pb_use_builder":"","_et_pb_old_content":"","_et_gb_content_width":"","inline_featured_image":false,"footnotes":""},"categories":[14],"tags":[],"class_list":["post-32306","post","type-post","status-publish","format-standard","hentry","category-vijesti"],"_links":{"self":[{"href":"https:\/\/www.pcnen.com\/portal\/wp-json\/wp\/v2\/posts\/32306","targetHints":{"allow":["GET"]}}],"collection":[{"href":"https:\/\/www.pcnen.com\/portal\/wp-json\/wp\/v2\/posts"}],"about":[{"href":"https:\/\/www.pcnen.com\/portal\/wp-json\/wp\/v2\/types\/post"}],"author":[{"embeddable":true,"href":"https:\/\/www.pcnen.com\/portal\/wp-json\/wp\/v2\/users\/1"}],"replies":[{"embeddable":true,"href":"https:\/\/www.pcnen.com\/portal\/wp-json\/wp\/v2\/comments?post=32306"}],"version-history":[{"count":0,"href":"https:\/\/www.pcnen.com\/portal\/wp-json\/wp\/v2\/posts\/32306\/revisions"}],"wp:attachment":[{"href":"https:\/\/www.pcnen.com\/portal\/wp-json\/wp\/v2\/media?parent=32306"}],"wp:term":[{"taxonomy":"category","embeddable":true,"href":"https:\/\/www.pcnen.com\/portal\/wp-json\/wp\/v2\/categories?post=32306"},{"taxonomy":"post_tag","embeddable":true,"href":"https:\/\/www.pcnen.com\/portal\/wp-json\/wp\/v2\/tags?post=32306"}],"curies":[{"name":"wp","href":"https:\/\/api.w.org\/{rel}","templated":true}]}}