{"id":32305,"date":"2009-10-27T11:45:14","date_gmt":"2009-10-27T11:45:14","guid":{"rendered":"http:\/\/www.pcnen.com\/portal\/?p=32305"},"modified":"2009-10-27T11:45:14","modified_gmt":"2009-10-27T11:45:14","slug":"crna-gora-na-decembarskom-samitu-nato-ulazi-u-map","status":"publish","type":"post","link":"https:\/\/www.pcnen.com\/portal\/2009\/10\/27\/crna-gora-na-decembarskom-samitu-nato-ulazi-u-map\/","title":{"rendered":"Crna Gora na decembarskom Samitu NATO ulazi u MAP"},"content":{"rendered":"<p>Pozivaju\u0107i se na vi&scaron;e izvora iz sjedi&scaron;ta Alijanse, list pi&scaron;e da je NATO konstatovao da su Vlada Crne Gore i Misija pri Alijansi napravili ogroman napredak i da je za dvije godine ura\u0111en posao za koji je drugim dr\u017eavama trebalo mnogo vi&scaron;e vremena, prenosi agencija <em>Tanjug<\/em>. <\/p>\n","protected":false},"excerpt":{"rendered":"<p>Generalni sekretar NATO Anders Gog Rasmusen posjeti\u0107e Crnu Goru 26. novembra nakon \u010dega \u0107e ova zemlja na decembarskom ministarskom sastanku \u010dlanica NATO biti pozvana u Akcioni plan za \u010dlanstvo u Alijansi, objavila je danas podgori\u010dka <em>Pobjeda<\/em>.<\/p>\n","protected":false},"author":1,"featured_media":0,"comment_status":"open","ping_status":"closed","sticky":false,"template":"","format":"standard","meta":{"_seopress_robots_primary_cat":"","_seopress_titles_title":"","_seopress_titles_desc":"","_seopress_robots_index":"","_et_pb_use_builder":"","_et_pb_old_content":"","_et_gb_content_width":"","inline_featured_image":false,"footnotes":""},"categories":[14],"tags":[],"class_list":["post-32305","post","type-post","status-publish","format-standard","hentry","category-vijesti"],"_links":{"self":[{"href":"https:\/\/www.pcnen.com\/portal\/wp-json\/wp\/v2\/posts\/32305","targetHints":{"allow":["GET"]}}],"collection":[{"href":"https:\/\/www.pcnen.com\/portal\/wp-json\/wp\/v2\/posts"}],"about":[{"href":"https:\/\/www.pcnen.com\/portal\/wp-json\/wp\/v2\/types\/post"}],"author":[{"embeddable":true,"href":"https:\/\/www.pcnen.com\/portal\/wp-json\/wp\/v2\/users\/1"}],"replies":[{"embeddable":true,"href":"https:\/\/www.pcnen.com\/portal\/wp-json\/wp\/v2\/comments?post=32305"}],"version-history":[{"count":0,"href":"https:\/\/www.pcnen.com\/portal\/wp-json\/wp\/v2\/posts\/32305\/revisions"}],"wp:attachment":[{"href":"https:\/\/www.pcnen.com\/portal\/wp-json\/wp\/v2\/media?parent=32305"}],"wp:term":[{"taxonomy":"category","embeddable":true,"href":"https:\/\/www.pcnen.com\/portal\/wp-json\/wp\/v2\/categories?post=32305"},{"taxonomy":"post_tag","embeddable":true,"href":"https:\/\/www.pcnen.com\/portal\/wp-json\/wp\/v2\/tags?post=32305"}],"curies":[{"name":"wp","href":"https:\/\/api.w.org\/{rel}","templated":true}]}}