{"id":32298,"date":"2009-10-27T08:37:39","date_gmt":"2009-10-27T08:37:39","guid":{"rendered":"http:\/\/www.pcnen.com\/portal\/?p=32298"},"modified":"2009-10-27T08:37:39","modified_gmt":"2009-10-27T08:37:39","slug":"sudenje-karadzicu-pocinje-danas","status":"publish","type":"post","link":"https:\/\/www.pcnen.com\/portal\/2009\/10\/27\/sudenje-karadzicu-pocinje-danas\/","title":{"rendered":"Su\u0111enje Karad\u017ei\u0107u po\u010dinje danas"},"content":{"rendered":"<p>Danas popodne su\u0111enje po\u010dinje uvodnom rije\u010di Tu\u017eila&scaron;tva. <\/p>\n<p>Biv&scaron;i predsjednik Republike Srpske Radovan Karad\u017ei\u0107 je optu\u017een za genocid i zlo\u010dine protiv \u010dovje\u010dnosti, uklju\u010duju\u0107i i umije&scaron;anost u masakr vi&scaron;e hiljada Bo&scaron;njaka u Srebrenici 1995. godine.<\/p>\n","protected":false},"excerpt":{"rendered":"<p>Sudsko vije\u0107e Ha&scaron;kog tribunala je odlu\u010dilo da su\u0111enje Radovanu Karad\u017ei\u0107u po\u010dne, iako se on ju\u010de nije pojavio u sudnici.<\/p>\n","protected":false},"author":1,"featured_media":0,"comment_status":"open","ping_status":"closed","sticky":false,"template":"","format":"standard","meta":{"_seopress_robots_primary_cat":"","_seopress_titles_title":"","_seopress_titles_desc":"","_seopress_robots_index":"","_et_pb_use_builder":"","_et_pb_old_content":"","_et_gb_content_width":"","inline_featured_image":false,"footnotes":""},"categories":[14],"tags":[],"class_list":["post-32298","post","type-post","status-publish","format-standard","hentry","category-vijesti"],"_links":{"self":[{"href":"https:\/\/www.pcnen.com\/portal\/wp-json\/wp\/v2\/posts\/32298","targetHints":{"allow":["GET"]}}],"collection":[{"href":"https:\/\/www.pcnen.com\/portal\/wp-json\/wp\/v2\/posts"}],"about":[{"href":"https:\/\/www.pcnen.com\/portal\/wp-json\/wp\/v2\/types\/post"}],"author":[{"embeddable":true,"href":"https:\/\/www.pcnen.com\/portal\/wp-json\/wp\/v2\/users\/1"}],"replies":[{"embeddable":true,"href":"https:\/\/www.pcnen.com\/portal\/wp-json\/wp\/v2\/comments?post=32298"}],"version-history":[{"count":0,"href":"https:\/\/www.pcnen.com\/portal\/wp-json\/wp\/v2\/posts\/32298\/revisions"}],"wp:attachment":[{"href":"https:\/\/www.pcnen.com\/portal\/wp-json\/wp\/v2\/media?parent=32298"}],"wp:term":[{"taxonomy":"category","embeddable":true,"href":"https:\/\/www.pcnen.com\/portal\/wp-json\/wp\/v2\/categories?post=32298"},{"taxonomy":"post_tag","embeddable":true,"href":"https:\/\/www.pcnen.com\/portal\/wp-json\/wp\/v2\/tags?post=32298"}],"curies":[{"name":"wp","href":"https:\/\/api.w.org\/{rel}","templated":true}]}}