{"id":32285,"date":"2009-10-26T13:16:05","date_gmt":"2009-10-26T13:16:05","guid":{"rendered":"http:\/\/www.pcnen.com\/portal\/?p=32285"},"modified":"2009-10-26T13:16:05","modified_gmt":"2009-10-26T13:16:05","slug":"odgodeno-sudenje-policajcima-za-premlacivanje-pejanovica","status":"publish","type":"post","link":"https:\/\/www.pcnen.com\/portal\/2009\/10\/26\/odgodeno-sudenje-policajcima-za-premlacivanje-pejanovica\/","title":{"rendered":"Odgo\u0111eno su\u0111enje policajcima za premla\u0107ivanje Pejanovi\u0107a"},"content":{"rendered":"<p>U podgori\u010dkom osnovnom Sudu odgo\u0111eno je su\u0111enje &scaron;estorici policajaca optu\u017eenim za prebijanje Aleksandra Pejanovi\u0107a, jer okrivljeni Milenko Lekovi\u0107 nije do&scaron;ao na glavni pretres, a &nbsp;u sudnici se nije pojavio ni&nbsp; branilac ve\u0107ine okrivljenih Nikola Martinovi\u0107, javio je <em>Radio Antena M<\/em>. <\/p>\n<p>Sudija Predrag Taba&scaron; je za 24.novembar zakazao po\u010detak su\u0111enja &scaron;estorici pripadnika Uprave policije koji se terete za prebijanje Aleksandra &#8211; Sa&scaron;e Pejanovi\u0107a.<\/p>\n<p>Pejanovi\u0107 se danas nije pojavio jer je na lije\u010denju u Beogradu, a sudija Taba&scaron; izdao je naredbu za njegovo prinudno dovodjenje.<\/p>\n<p>Aleksandar Pejanovi\u0107 je prebijen u podgori\u010dkom Centru bezbjednosti nakon protestnog mitinga opozicije protiv odluke Vlade Crne Gore da prizna nezavisnost Kosova.<\/p>\n<p>Optu\u017enica je podignuta protiv policajaca Ivice Paunovi\u0107a, Gorana&nbsp; Stankovi\u0107a, Milana Kljajevi\u0107a, Milenka Lekovi\u0107a, Bojana Radunovi\u0107a&nbsp; i Dobrivoja \u0110uri\u010di\u0107a.<\/p>\n<p>Rije\u010d je o pripadnicima Uprave policije iz Podru\u010dne jedinice Podgorica, a tu\u017eilac im na teret stavlja da su kao saizvr&scaron;ioci po\u010dinili krivi\u010dno djelo mu\u010denje i zlostavljanje.<\/p>\n<p>Prema optu\u017enici, pripadnici Uprave policije su po grupama, u dva navrata, Sa&scaron;u Pejanovi\u0107a odvodili u posebnu prostoriju, tzv. betonjerku, gdje su ga pesnicama, nogama i pendrecima udarali po glavi i tijelu.<\/p>\n<p>Zamjenik osnovnog dr\u017eavnog tu\u017eioca Sanja Jovi\u0107evi\u0107 u optu\u017enom aktu predlo\u017eila je saslu&scaron;anje 15 svjedoka.<\/p>\n","protected":false},"excerpt":{"rendered":"<p>U podgori\u010dkom osnovnom Sudu odgo\u0111eno je su\u0111enje &scaron;estorici policajaca optu\u017eenim za prebijanje Aleksandra Pejanovi\u0107a, jer okrivljeni Milenko Lekovi\u0107 nije do&scaron;ao na glavni pretres, a &nbsp;u sudnici se nije pojavio ni&nbsp; branilac ve\u0107ine okrivljenih Nikola Martinovi\u0107, javio je Radio Antena M. Sudija Predrag Taba&scaron; je za 24.novembar zakazao po\u010detak su\u0111enja &scaron;estorici pripadnika Uprave policije koji se [&hellip;]<\/p>\n","protected":false},"author":1,"featured_media":0,"comment_status":"open","ping_status":"closed","sticky":false,"template":"","format":"standard","meta":{"_seopress_robots_primary_cat":"","_seopress_titles_title":"","_seopress_titles_desc":"","_seopress_robots_index":"","_et_pb_use_builder":"","_et_pb_old_content":"","_et_gb_content_width":"","inline_featured_image":false,"footnotes":""},"categories":[14],"tags":[],"class_list":["post-32285","post","type-post","status-publish","format-standard","hentry","category-vijesti"],"_links":{"self":[{"href":"https:\/\/www.pcnen.com\/portal\/wp-json\/wp\/v2\/posts\/32285","targetHints":{"allow":["GET"]}}],"collection":[{"href":"https:\/\/www.pcnen.com\/portal\/wp-json\/wp\/v2\/posts"}],"about":[{"href":"https:\/\/www.pcnen.com\/portal\/wp-json\/wp\/v2\/types\/post"}],"author":[{"embeddable":true,"href":"https:\/\/www.pcnen.com\/portal\/wp-json\/wp\/v2\/users\/1"}],"replies":[{"embeddable":true,"href":"https:\/\/www.pcnen.com\/portal\/wp-json\/wp\/v2\/comments?post=32285"}],"version-history":[{"count":0,"href":"https:\/\/www.pcnen.com\/portal\/wp-json\/wp\/v2\/posts\/32285\/revisions"}],"wp:attachment":[{"href":"https:\/\/www.pcnen.com\/portal\/wp-json\/wp\/v2\/media?parent=32285"}],"wp:term":[{"taxonomy":"category","embeddable":true,"href":"https:\/\/www.pcnen.com\/portal\/wp-json\/wp\/v2\/categories?post=32285"},{"taxonomy":"post_tag","embeddable":true,"href":"https:\/\/www.pcnen.com\/portal\/wp-json\/wp\/v2\/tags?post=32285"}],"curies":[{"name":"wp","href":"https:\/\/api.w.org\/{rel}","templated":true}]}}