{"id":32283,"date":"2009-10-26T11:48:11","date_gmt":"2009-10-26T11:48:11","guid":{"rendered":"http:\/\/www.pcnen.com\/portal\/?p=32283"},"modified":"2009-10-26T11:48:11","modified_gmt":"2009-10-26T11:48:11","slug":"ministri-eu-o-bih-nakon-butmira","status":"publish","type":"post","link":"https:\/\/www.pcnen.com\/portal\/2009\/10\/26\/ministri-eu-o-bih-nakon-butmira\/","title":{"rendered":"Ministri EU o BiH nakon Butmira"},"content":{"rendered":"<p>U Luksemburgu danas po\u010dinje dvodnevni sastanak ministara inostranih poslova EU na kome \u0107e biti razgovarano o situaciji u BiH nakon razgovora lidera politi\u010dkih partija u BiH i predstavnika EU i SAD u Butmiru.<\/p>\n<p>Komesar EU za pro&scaron;irenje Oli Ren i &scaron;vedski ministar inostranih poslova Karl Bilt informisa\u0107e ministre o toku butmirskog procesa, potvrdio je <em>Srni<\/em> neimenovani zvani\u010dnik EU.<\/p>\n<p>On je dodao da razgovori u Butmiru pro&scaron;le sedmice nisu dali zadovoljavaju\u0107i rezultat, ali da \u0107e biti nastavljeni. <\/p>\n<p>&quot;Pregovori sa liderima BiH su u toku i bi\u0107e nastavljeni naredne sedmice u Sarajevu uz u\u010de&scaron;\u0107e eksperata SAD i EU&quot;, rekao je zvani\u010dnik.<\/p>\n<p>On je rekao da \u0107e BiH biti jedina tema sjednice o zapadnom Balkanu.<\/p>\n","protected":false},"excerpt":{"rendered":"<p>U Luksemburgu danas po\u010dinje dvodnevni sastanak ministara inostranih poslova EU na kome \u0107e biti razgovarano o situaciji u BiH nakon razgovora lidera politi\u010dkih partija u BiH i predstavnika EU i SAD u Butmiru. Komesar EU za pro&scaron;irenje Oli Ren i &scaron;vedski ministar inostranih poslova Karl Bilt informisa\u0107e ministre o toku butmirskog procesa, potvrdio je Srni [&hellip;]<\/p>\n","protected":false},"author":1,"featured_media":0,"comment_status":"open","ping_status":"closed","sticky":false,"template":"","format":"standard","meta":{"_seopress_robots_primary_cat":"","_seopress_titles_title":"","_seopress_titles_desc":"","_seopress_robots_index":"","_et_pb_use_builder":"","_et_pb_old_content":"","_et_gb_content_width":"","inline_featured_image":false,"footnotes":""},"categories":[14],"tags":[],"class_list":["post-32283","post","type-post","status-publish","format-standard","hentry","category-vijesti"],"_links":{"self":[{"href":"https:\/\/www.pcnen.com\/portal\/wp-json\/wp\/v2\/posts\/32283","targetHints":{"allow":["GET"]}}],"collection":[{"href":"https:\/\/www.pcnen.com\/portal\/wp-json\/wp\/v2\/posts"}],"about":[{"href":"https:\/\/www.pcnen.com\/portal\/wp-json\/wp\/v2\/types\/post"}],"author":[{"embeddable":true,"href":"https:\/\/www.pcnen.com\/portal\/wp-json\/wp\/v2\/users\/1"}],"replies":[{"embeddable":true,"href":"https:\/\/www.pcnen.com\/portal\/wp-json\/wp\/v2\/comments?post=32283"}],"version-history":[{"count":0,"href":"https:\/\/www.pcnen.com\/portal\/wp-json\/wp\/v2\/posts\/32283\/revisions"}],"wp:attachment":[{"href":"https:\/\/www.pcnen.com\/portal\/wp-json\/wp\/v2\/media?parent=32283"}],"wp:term":[{"taxonomy":"category","embeddable":true,"href":"https:\/\/www.pcnen.com\/portal\/wp-json\/wp\/v2\/categories?post=32283"},{"taxonomy":"post_tag","embeddable":true,"href":"https:\/\/www.pcnen.com\/portal\/wp-json\/wp\/v2\/tags?post=32283"}],"curies":[{"name":"wp","href":"https:\/\/api.w.org\/{rel}","templated":true}]}}